{"id":938,"date":"2016-06-27T13:13:16","date_gmt":"2016-06-27T16:13:16","guid":{"rendered":"http:\/\/www.portaliceb.org.br\/wordpress\/?p=938"},"modified":"2016-07-18T14:37:31","modified_gmt":"2016-07-18T17:37:31","slug":"palestras-de-julho-2016","status":"publish","type":"post","link":"http:\/\/www.portaliceb.org.br\/wordpress\/?p=938","title":{"rendered":"PALESTRAS DE JULHO  2016"},"content":{"rendered":"<hr \/>\n<h4><strong>Dia 02<\/strong><\/h4>\n<h4><strong>Tatiane Bellieny<\/strong> &#8211; Medicina das Emo\u00e7\u00f5es &#8211; 14h \u00e0s 15h15<\/h4>\n<h4><strong>Jorge Cerqueira<\/strong>\u00a0&#8211; Nova Ci\u00eancia da Vida &#8211; 15:45 \u00e0s 17:00<\/h4>\n<hr \/>\n<h4><strong>Dia\u00a009<\/strong><\/h4>\n<h4><strong>Luiz Eduardo Brand\u00e3o<\/strong>\u00a0&#8211; \u201cNos Dom\u00ednios da Mediunidade\u201d\u00a0&#8211; 14h \u00e0s 15h15<\/h4>\n<h4><strong>Claudio Conti<\/strong>\u00a0&#8211; Cura e Qu\u00e2ntica &#8211; 15:45 \u00e0s 17:00<\/h4>\n<hr \/>\n<h4><strong>Dia\u00a016<\/strong><\/h4>\n<h4><strong>Marcelo Uch\u00f4a\u00a0(Semin\u00e1rio)<\/strong> &#8211; Mediunidade &#8211; Uma Abordagem Reflexiva\u00a0&#8211; 14h \u00e0s 17:00<\/h4>\n<hr \/>\n<h4><strong>Dia\u00a023<\/strong><\/h4>\n<h4><strong>Luzia Mathias<\/strong> &#8211; Autodescobrimento Joanna de \u00c2ngelis &#8211; 14h \u00e0s 15h15<\/h4>\n<h4><strong>Claudio Conti<\/strong> &#8211; (Curso) Cura e Qu\u00e2ntica &#8211; 15:45 \u00e0s 17:00<\/h4>\n<hr \/>\n<h4><strong>Dia\u00a030<\/strong><\/h4>\n<h4><strong>A Busca pela Sa\u00fade Social (Mesa Redonda)<\/strong> &#8211; Tatiane Bellieny; Jorge Cerqueira; Jorge Pio;<br \/>\nJose H Rubim; Claudio Conti &#8211; 14h \u00e0s 17:00<\/h4>\n<hr \/>\n<h4><strong>Programa\u00e7\u00e3o do Primeiro Semestre<\/strong><\/h4>\n<h4 style=\"color: red; font-size: 14px; font-family: verdana;\"><a style=\"text-decoration: none; color: #9acd32;\" href=\"http:\/\/www.portaliceb.org.br\/wordpress\/wp-content\/uploads\/2016\/05\/Programa\u00e7\u00e3o-2016-1\u00ba-Semestre.xlsx\"><strong>Clique aqui para a baixara Programa\u00e7\u00e3o<\/strong><\/a><\/h4>\n","protected":false},"excerpt":{"rendered":"<p>Dia 02 Tatiane Bellieny &#8211; Medicina das Emo\u00e7\u00f5es &#8211; 14h \u00e0s 15h15 Jorge Cerqueira\u00a0&#8211; Nova Ci\u00eancia da Vida &#8211; 15:45 \u00e0s 17:00 Dia\u00a009 Luiz Eduardo Brand\u00e3o\u00a0&#8211; \u201cNos Dom\u00ednios da Mediunidade\u201d\u00a0&#8211; 14h \u00e0s 15h15 Claudio Conti\u00a0&#8211; Cura e Qu\u00e2ntica &#8211; 15:45 \u00e0s 17:00 Dia\u00a016 Marcelo Uch\u00f4a\u00a0(Semin\u00e1rio) &#8211; Mediunidade &#8211; Uma Abordagem Reflexiva\u00a0&#8211; 14h \u00e0s 17:00 Dia\u00a023 [&hellip;]<\/p>\n","protected":false},"author":1,"featured_media":0,"comment_status":"closed","ping_status":"closed","sticky":false,"template":"","format":"standard","meta":{"footnotes":""},"categories":[1],"tags":[],"class_list":["post-938","post","type-post","status-publish","format-standard","hentry","category-ultimas-noticias"],"_links":{"self":[{"href":"http:\/\/www.portaliceb.org.br\/wordpress\/index.php?rest_route=\/wp\/v2\/posts\/938","targetHints":{"allow":["GET"]}}],"collection":[{"href":"http:\/\/www.portaliceb.org.br\/wordpress\/index.php?rest_route=\/wp\/v2\/posts"}],"about":[{"href":"http:\/\/www.portaliceb.org.br\/wordpress\/index.php?rest_route=\/wp\/v2\/types\/post"}],"author":[{"embeddable":true,"href":"http:\/\/www.portaliceb.org.br\/wordpress\/index.php?rest_route=\/wp\/v2\/users\/1"}],"replies":[{"embeddable":true,"href":"http:\/\/www.portaliceb.org.br\/wordpress\/index.php?rest_route=%2Fwp%2Fv2%2Fcomments&post=938"}],"version-history":[{"count":13,"href":"http:\/\/www.portaliceb.org.br\/wordpress\/index.php?rest_route=\/wp\/v2\/posts\/938\/revisions"}],"predecessor-version":[{"id":988,"href":"http:\/\/www.portaliceb.org.br\/wordpress\/index.php?rest_route=\/wp\/v2\/posts\/938\/revisions\/988"}],"wp:attachment":[{"href":"http:\/\/www.portaliceb.org.br\/wordpress\/index.php?rest_route=%2Fwp%2Fv2%2Fmedia&parent=938"}],"wp:term":[{"taxonomy":"category","embeddable":true,"href":"http:\/\/www.portaliceb.org.br\/wordpress\/index.php?rest_route=%2Fwp%2Fv2%2Fcategories&post=938"},{"taxonomy":"post_tag","embeddable":true,"href":"http:\/\/www.portaliceb.org.br\/wordpress\/index.php?rest_route=%2Fwp%2Fv2%2Ftags&post=938"}],"curies":[{"name":"wp","href":"https:\/\/api.w.org\/{rel}","templated":true}]}}