{"id":934,"date":"2016-06-15T15:14:27","date_gmt":"2016-06-15T18:14:27","guid":{"rendered":"http:\/\/www.portaliceb.org.br\/wordpress\/?p=934"},"modified":"2016-06-15T15:14:27","modified_gmt":"2016-06-15T18:14:27","slug":"palestras-de-junho-2016","status":"publish","type":"post","link":"http:\/\/www.portaliceb.org.br\/wordpress\/?p=934","title":{"rendered":"PALESTRAS DE JUNHO  2016"},"content":{"rendered":"<hr \/>\n<h4><strong>Dia 11<\/strong><\/h4>\n<h4><strong>Luiz Eduardo Brand\u00e3o<\/strong> &#8211; Nos Dom\u00ednios da Mediunidade &#8211; 14h \u00e0s 15h15<\/h4>\n<h4><strong>Claudio Conti<\/strong>\u00a0&#8211; (Curso) Cura e Qu\u00e2ntica &#8211; 15:45 \u00e0s 17:00<\/h4>\n<hr \/>\n<h4><strong>Dia\u00a018<\/strong><\/h4>\n<h4><strong>Jos\u00e9 Henrique Rubim<\/strong>\u00a0&#8211; Pensamento de Joanna de \u00c2ngelis, Jung e Jorge Andr\u00e9a\u00a0&#8211; 14h \u00e0s 15h15<\/h4>\n<h4><strong>Jorge Pio<\/strong>\u00a0&#8211; Sociedade Solid\u00e1ria &#8211; 15:45 \u00e0s 17:00<\/h4>\n<hr \/>\n<h4><strong>Dia\u00a025<\/strong><\/h4>\n<h4><strong>Luzia Mathias<\/strong> &#8211; Autodescobrimento Joanna de \u00c2ngelis &#8211; 14h \u00e0s 15h15<\/h4>\n<h4><strong>Claudio Conti<\/strong> &#8211; (Curso) Cura e Qu\u00e2ntica &#8211; 15:45 \u00e0s 17:00<\/h4>\n<hr \/>\n<h1><span style=\"color: red;\"> Aten\u00e7\u00e3o<\/span><\/h1>\n<h4><span style=\"color: red;\">ICEB em novo endere\u00e7o<br \/>\nR. S\u00e3o Francisco Xavier, 609 &#8211; Tijuca &#8211; Rio de Janeiro &#8211; RJ<br \/>\n(Centro Esp\u00edrita Regenera\u00e7\u00e3o).<br \/>\nA partir da Aula Inaugural do Ano Letivo de 2016<\/span><\/h4>\n<p>&nbsp;<\/p>\n<h4><strong>Programa\u00e7\u00e3o do Primeiro Semestre<\/strong><\/h4>\n<h4><a href=\"http:\/\/www.portaliceb.org.br\/wordpress\/wp-content\/uploads\/2016\/05\/Programa\u00e7\u00e3o-2016-1\u00ba-Semestre.xlsx\">Clique aqui para Baixar<\/a><\/h4>\n","protected":false},"excerpt":{"rendered":"<p>Dia 11 Luiz Eduardo Brand\u00e3o &#8211; Nos Dom\u00ednios da Mediunidade &#8211; 14h \u00e0s 15h15 Claudio Conti\u00a0&#8211; (Curso) Cura e Qu\u00e2ntica &#8211; 15:45 \u00e0s 17:00 Dia\u00a018 Jos\u00e9 Henrique Rubim\u00a0&#8211; Pensamento de Joanna de \u00c2ngelis, Jung e Jorge Andr\u00e9a\u00a0&#8211; 14h \u00e0s 15h15 Jorge Pio\u00a0&#8211; Sociedade Solid\u00e1ria &#8211; 15:45 \u00e0s 17:00 Dia\u00a025 Luzia Mathias &#8211; Autodescobrimento Joanna de [&hellip;]<\/p>\n","protected":false},"author":1,"featured_media":0,"comment_status":"closed","ping_status":"closed","sticky":false,"template":"","format":"standard","meta":{"footnotes":""},"categories":[1],"tags":[],"class_list":["post-934","post","type-post","status-publish","format-standard","hentry","category-ultimas-noticias"],"_links":{"self":[{"href":"http:\/\/www.portaliceb.org.br\/wordpress\/index.php?rest_route=\/wp\/v2\/posts\/934","targetHints":{"allow":["GET"]}}],"collection":[{"href":"http:\/\/www.portaliceb.org.br\/wordpress\/index.php?rest_route=\/wp\/v2\/posts"}],"about":[{"href":"http:\/\/www.portaliceb.org.br\/wordpress\/index.php?rest_route=\/wp\/v2\/types\/post"}],"author":[{"embeddable":true,"href":"http:\/\/www.portaliceb.org.br\/wordpress\/index.php?rest_route=\/wp\/v2\/users\/1"}],"replies":[{"embeddable":true,"href":"http:\/\/www.portaliceb.org.br\/wordpress\/index.php?rest_route=%2Fwp%2Fv2%2Fcomments&post=934"}],"version-history":[{"count":1,"href":"http:\/\/www.portaliceb.org.br\/wordpress\/index.php?rest_route=\/wp\/v2\/posts\/934\/revisions"}],"predecessor-version":[{"id":935,"href":"http:\/\/www.portaliceb.org.br\/wordpress\/index.php?rest_route=\/wp\/v2\/posts\/934\/revisions\/935"}],"wp:attachment":[{"href":"http:\/\/www.portaliceb.org.br\/wordpress\/index.php?rest_route=%2Fwp%2Fv2%2Fmedia&parent=934"}],"wp:term":[{"taxonomy":"category","embeddable":true,"href":"http:\/\/www.portaliceb.org.br\/wordpress\/index.php?rest_route=%2Fwp%2Fv2%2Fcategories&post=934"},{"taxonomy":"post_tag","embeddable":true,"href":"http:\/\/www.portaliceb.org.br\/wordpress\/index.php?rest_route=%2Fwp%2Fv2%2Ftags&post=934"}],"curies":[{"name":"wp","href":"https:\/\/api.w.org\/{rel}","templated":true}]}}