{"id":875,"date":"2015-10-28T12:17:27","date_gmt":"2015-10-28T15:17:27","guid":{"rendered":"http:\/\/www.portaliceb.org.br\/wordpress\/?p=875"},"modified":"2016-02-26T14:46:59","modified_gmt":"2016-02-26T17:46:59","slug":"programacao-de-novembro-de-2015-iceb","status":"publish","type":"post","link":"http:\/\/www.portaliceb.org.br\/wordpress\/?p=875","title":{"rendered":"CURSO DE F\u00c9RIAS 2016 &#8211; ICEB"},"content":{"rendered":"<h3>JANEIRO<\/h3>\n<h4>Dia 09 &#8211; <strong>Cesar Reis<\/strong> \u2013 Tema Livre &#8211; 15h \u00e0s 17h<\/h4>\n<h4>Dia 16 &#8211; <strong>Rita Maria<\/strong> \u2013 Mem\u00f3ria Ativa &#8211; 14h \u00e0s 15h15<\/h4>\n<h4>Dia 16 &#8211; <strong>Teltz Farias<\/strong> \u2013 Tema Livre &#8211; 15h45 \u00e0s 17h<\/h4>\n<h4>Dia 23 &#8211; <strong>Darcy Neves<\/strong> \u2013 Terra: Planeta de Educa\u00e7\u00e3o &#8211; 15h \u00e0s 17h<\/h4>\n<h4>Dia 30 &#8211; <strong>Tatiane Bellieny<\/strong> \u2013 Fam\u00edlia: Ber\u00e7o da Evolu\u00e7\u00e3o &#8211; 15h \u00e0s 17h<\/h4>\n<h3>FEVEREIRO<\/h3>\n<h4>Dia 06 &#8211; <strong>CARNAVAL<\/strong><\/h4>\n<h4>Dia 13 &#8211; <strong>CARNAVAL<\/strong><\/h4>\n<h4>Dia 20 &#8211; <strong>Marcelo Uch\u00f4a<\/strong> \u2013 Tema Livre &#8211; 15h \u00e0s 17h<\/h4>\n<h4>Dia 27 &#8211; <strong>Arleir Bellieny<\/strong> \u2013 Provas e Expia\u00e7\u00f5es e Sa\u00fade Integral &#8211; 15h \u00e0s 17h<\/h4>\n<h1><span style=\"color: red;\"> Aten\u00e7\u00e3o<\/span><\/h1>\n<h4><span style=\"color: red;\">ICEB em novo endere\u00e7o<br \/>\nR. S\u00e3o Francisco Xavier, 609 &#8211; Tijuca &#8211; Rio de Janeiro &#8211; RJ<br \/>\n(Centro Esp\u00edrita Regenera\u00e7\u00e3o).<br \/>\nA partir da Aula Inaugural do Ano Letivo de 2016<\/span><\/h4>\n<p>&nbsp;<\/p>\n","protected":false},"excerpt":{"rendered":"<p>JANEIRO Dia 09 &#8211; Cesar Reis \u2013 Tema Livre &#8211; 15h \u00e0s 17h Dia 16 &#8211; Rita Maria \u2013 Mem\u00f3ria Ativa &#8211; 14h \u00e0s 15h15 Dia 16 &#8211; Teltz Farias \u2013 Tema Livre &#8211; 15h45 \u00e0s 17h Dia 23 &#8211; Darcy Neves \u2013 Terra: Planeta de Educa\u00e7\u00e3o &#8211; 15h \u00e0s 17h Dia 30 &#8211; Tatiane [&hellip;]<\/p>\n","protected":false},"author":1,"featured_media":0,"comment_status":"closed","ping_status":"closed","sticky":false,"template":"","format":"standard","meta":{"footnotes":""},"categories":[1],"tags":[],"class_list":["post-875","post","type-post","status-publish","format-standard","hentry","category-ultimas-noticias"],"_links":{"self":[{"href":"http:\/\/www.portaliceb.org.br\/wordpress\/index.php?rest_route=\/wp\/v2\/posts\/875","targetHints":{"allow":["GET"]}}],"collection":[{"href":"http:\/\/www.portaliceb.org.br\/wordpress\/index.php?rest_route=\/wp\/v2\/posts"}],"about":[{"href":"http:\/\/www.portaliceb.org.br\/wordpress\/index.php?rest_route=\/wp\/v2\/types\/post"}],"author":[{"embeddable":true,"href":"http:\/\/www.portaliceb.org.br\/wordpress\/index.php?rest_route=\/wp\/v2\/users\/1"}],"replies":[{"embeddable":true,"href":"http:\/\/www.portaliceb.org.br\/wordpress\/index.php?rest_route=%2Fwp%2Fv2%2Fcomments&post=875"}],"version-history":[{"count":6,"href":"http:\/\/www.portaliceb.org.br\/wordpress\/index.php?rest_route=\/wp\/v2\/posts\/875\/revisions"}],"predecessor-version":[{"id":888,"href":"http:\/\/www.portaliceb.org.br\/wordpress\/index.php?rest_route=\/wp\/v2\/posts\/875\/revisions\/888"}],"wp:attachment":[{"href":"http:\/\/www.portaliceb.org.br\/wordpress\/index.php?rest_route=%2Fwp%2Fv2%2Fmedia&parent=875"}],"wp:term":[{"taxonomy":"category","embeddable":true,"href":"http:\/\/www.portaliceb.org.br\/wordpress\/index.php?rest_route=%2Fwp%2Fv2%2Fcategories&post=875"},{"taxonomy":"post_tag","embeddable":true,"href":"http:\/\/www.portaliceb.org.br\/wordpress\/index.php?rest_route=%2Fwp%2Fv2%2Ftags&post=875"}],"curies":[{"name":"wp","href":"https:\/\/api.w.org\/{rel}","templated":true}]}}