{"id":838,"date":"2015-07-24T13:25:07","date_gmt":"2015-07-24T16:25:07","guid":{"rendered":"http:\/\/www.portaliceb.org.br\/wordpress\/?p=838"},"modified":"2015-08-03T11:02:10","modified_gmt":"2015-08-03T14:02:10","slug":"programacao-de-agosto-de-2015-iceb","status":"publish","type":"post","link":"http:\/\/www.portaliceb.org.br\/wordpress\/?p=838","title":{"rendered":"Programa\u00e7\u00e3o de Agosto de 2015 &#8211; ICEB"},"content":{"rendered":"<h3>1\u00ba s\u00e1bado &#8211; 01 \/ 08<\/h3>\n<p><strong>14h:00min<\/strong> &#8211; Psiconeurobiologia, Homeopatia e Evolu\u00e7\u00e3o Moral &#8211; D\u00e9bora Alves<br \/>\n<strong>15h:45min<\/strong> &#8211; Sa\u00fade e Reforma \u00cdntima &#8211; Luzia Mathias<\/p>\n<h3>2\u00ba s\u00e1bado &#8211; 08 \/ 08<\/h3>\n<p><strong>14h:00 \u00e0s 17h<\/strong> &#8211; C\u00e9rebro, Consci\u00eancia e Universo &#8211; Luiz Eduardo Brand\u00e3o<\/p>\n<h3>3\u00ba s\u00e1bado &#8211; 15 \/ 08<\/h3>\n<p><strong>14h:00min<\/strong> &#8211; Vida e Obra de Jorge Andr\u00e9a &#8211; Comemora\u00e7\u00e3o dos 99 anos<\/p>\n<h3>4\u00ba s\u00e1bado &#8211; 22 \/ 08<\/h3>\n<p><strong>14h:00min<\/strong> &#8211; Autodescobrimento de Joanna de Angelis &#8211; Luzia Mathias<br \/>\n<strong>15h:45min<\/strong> &#8211; Doen\u00e7a como Caminho &#8211; Claudio Conti   <\/p>\n<h3>5\u00ba s\u00e1bado &#8211; 29 \/ 08<\/h3>\n<p><strong>14h:00min<\/strong> &#8211; Conhece-te a ti mesmo &#8211; Tatiane Bellieny<br \/>\n<strong>15h:45min<\/strong> &#8211; Empatia e Alfabetiza\u00e7\u00e3o Emocional &#8211; Tatiane Bellieny   <\/p>\n","protected":false},"excerpt":{"rendered":"<p>1\u00ba s\u00e1bado &#8211; 01 \/ 08 14h:00min &#8211; Psiconeurobiologia, Homeopatia e Evolu\u00e7\u00e3o Moral &#8211; D\u00e9bora Alves 15h:45min &#8211; Sa\u00fade e Reforma \u00cdntima &#8211; Luzia Mathias 2\u00ba s\u00e1bado &#8211; 08 \/ 08 14h:00 \u00e0s 17h &#8211; C\u00e9rebro, Consci\u00eancia e Universo &#8211; Luiz Eduardo Brand\u00e3o 3\u00ba s\u00e1bado &#8211; 15 \/ 08 14h:00min &#8211; Vida e Obra de [&hellip;]<\/p>\n","protected":false},"author":1,"featured_media":0,"comment_status":"closed","ping_status":"closed","sticky":false,"template":"","format":"standard","meta":{"footnotes":""},"categories":[32,1],"tags":[],"class_list":["post-838","post","type-post","status-publish","format-standard","hentry","category-agenda","category-ultimas-noticias"],"_links":{"self":[{"href":"http:\/\/www.portaliceb.org.br\/wordpress\/index.php?rest_route=\/wp\/v2\/posts\/838","targetHints":{"allow":["GET"]}}],"collection":[{"href":"http:\/\/www.portaliceb.org.br\/wordpress\/index.php?rest_route=\/wp\/v2\/posts"}],"about":[{"href":"http:\/\/www.portaliceb.org.br\/wordpress\/index.php?rest_route=\/wp\/v2\/types\/post"}],"author":[{"embeddable":true,"href":"http:\/\/www.portaliceb.org.br\/wordpress\/index.php?rest_route=\/wp\/v2\/users\/1"}],"replies":[{"embeddable":true,"href":"http:\/\/www.portaliceb.org.br\/wordpress\/index.php?rest_route=%2Fwp%2Fv2%2Fcomments&post=838"}],"version-history":[{"count":5,"href":"http:\/\/www.portaliceb.org.br\/wordpress\/index.php?rest_route=\/wp\/v2\/posts\/838\/revisions"}],"predecessor-version":[{"id":845,"href":"http:\/\/www.portaliceb.org.br\/wordpress\/index.php?rest_route=\/wp\/v2\/posts\/838\/revisions\/845"}],"wp:attachment":[{"href":"http:\/\/www.portaliceb.org.br\/wordpress\/index.php?rest_route=%2Fwp%2Fv2%2Fmedia&parent=838"}],"wp:term":[{"taxonomy":"category","embeddable":true,"href":"http:\/\/www.portaliceb.org.br\/wordpress\/index.php?rest_route=%2Fwp%2Fv2%2Fcategories&post=838"},{"taxonomy":"post_tag","embeddable":true,"href":"http:\/\/www.portaliceb.org.br\/wordpress\/index.php?rest_route=%2Fwp%2Fv2%2Ftags&post=838"}],"curies":[{"name":"wp","href":"https:\/\/api.w.org\/{rel}","templated":true}]}}