{"id":822,"date":"2015-06-01T08:38:26","date_gmt":"2015-06-01T11:38:26","guid":{"rendered":"http:\/\/www.portaliceb.org.br\/wordpress\/?p=822"},"modified":"2015-06-02T09:26:16","modified_gmt":"2015-06-02T12:26:16","slug":"programacao-de-junho-de-2015-iceb","status":"publish","type":"post","link":"http:\/\/www.portaliceb.org.br\/wordpress\/?p=822","title":{"rendered":"Programa\u00e7\u00e3o de Junho de 2015 &#8211; ICEB"},"content":{"rendered":"<h3>1\u00ba s\u00e1bado &#8211; 06 \/ 06<\/h3>\n<p><strong>14h:00min<\/strong> &#8211; &#8220;Trilha do Conhecimento&#8221; &#8211; Jorge Queiroz<br \/>\n<strong>15h:45min<\/strong> &#8211; Conex\u00e3o Sa\u00fade \/ Elo perdido da Medicina &#8211; Jorge Pio<\/p>\n<h3>2\u00ba s\u00e1bado &#8211; 13 \/ 06<\/h3>\n<p><strong>14h:00min<\/strong> &#8211; &#8220;Nos Dom\u00ednios da Mediunidade&#8221; &#8211; Luiz Eduardo Brand\u00e3o<br \/>\n<strong>15h:45min<\/strong> &#8211; O ser integral \/ O Eu e o Universo &#8211; Marcelo Nazareth<\/p>\n<h3>3\u00ba s\u00e1bado &#8211; 20 \/ 06<\/h3>\n<p><strong>14h:00min<\/strong> &#8211; Pensamentos de Joana de \u00c2ngelis &#8211; Jos\u00e9 Henrique Rubim<br \/>\n<strong>15h:45min<\/strong> &#8211; Do Paradigma da Doen\u00e7a para o Paradigma da Sa\u00fade &#8211; Jos\u00e9 Henrique Rubim<\/p>\n<h3>4\u00ba s\u00e1bado &#8211; 27 \/ 06<\/h3>\n<p><strong>14h:00min<\/strong> &#8211; Autodescobrimento de Joanna de Angelis &#8211; Luzia Mathias<br \/>\n<strong>15h:45min<\/strong> &#8211; O Gene de Deus \/ F\u00e9 e Hereditariedade &#8211; Rosa Martins<\/p>\n","protected":false},"excerpt":{"rendered":"<p>1\u00ba s\u00e1bado &#8211; 06 \/ 06 14h:00min &#8211; &#8220;Trilha do Conhecimento&#8221; &#8211; Jorge Queiroz 15h:45min &#8211; Conex\u00e3o Sa\u00fade \/ Elo perdido da Medicina &#8211; Jorge Pio 2\u00ba s\u00e1bado &#8211; 13 \/ 06 14h:00min &#8211; &#8220;Nos Dom\u00ednios da Mediunidade&#8221; &#8211; Luiz Eduardo Brand\u00e3o 15h:45min &#8211; O ser integral \/ O Eu e o Universo &#8211; Marcelo [&hellip;]<\/p>\n","protected":false},"author":1,"featured_media":0,"comment_status":"closed","ping_status":"closed","sticky":false,"template":"","format":"standard","meta":{"footnotes":""},"categories":[32,1],"tags":[],"class_list":["post-822","post","type-post","status-publish","format-standard","hentry","category-agenda","category-ultimas-noticias"],"_links":{"self":[{"href":"http:\/\/www.portaliceb.org.br\/wordpress\/index.php?rest_route=\/wp\/v2\/posts\/822","targetHints":{"allow":["GET"]}}],"collection":[{"href":"http:\/\/www.portaliceb.org.br\/wordpress\/index.php?rest_route=\/wp\/v2\/posts"}],"about":[{"href":"http:\/\/www.portaliceb.org.br\/wordpress\/index.php?rest_route=\/wp\/v2\/types\/post"}],"author":[{"embeddable":true,"href":"http:\/\/www.portaliceb.org.br\/wordpress\/index.php?rest_route=\/wp\/v2\/users\/1"}],"replies":[{"embeddable":true,"href":"http:\/\/www.portaliceb.org.br\/wordpress\/index.php?rest_route=%2Fwp%2Fv2%2Fcomments&post=822"}],"version-history":[{"count":3,"href":"http:\/\/www.portaliceb.org.br\/wordpress\/index.php?rest_route=\/wp\/v2\/posts\/822\/revisions"}],"predecessor-version":[{"id":825,"href":"http:\/\/www.portaliceb.org.br\/wordpress\/index.php?rest_route=\/wp\/v2\/posts\/822\/revisions\/825"}],"wp:attachment":[{"href":"http:\/\/www.portaliceb.org.br\/wordpress\/index.php?rest_route=%2Fwp%2Fv2%2Fmedia&parent=822"}],"wp:term":[{"taxonomy":"category","embeddable":true,"href":"http:\/\/www.portaliceb.org.br\/wordpress\/index.php?rest_route=%2Fwp%2Fv2%2Fcategories&post=822"},{"taxonomy":"post_tag","embeddable":true,"href":"http:\/\/www.portaliceb.org.br\/wordpress\/index.php?rest_route=%2Fwp%2Fv2%2Ftags&post=822"}],"curies":[{"name":"wp","href":"https:\/\/api.w.org\/{rel}","templated":true}]}}