{"id":807,"date":"2015-04-30T13:38:22","date_gmt":"2015-04-30T16:38:22","guid":{"rendered":"http:\/\/www.portaliceb.org.br\/wordpress\/?p=807"},"modified":"2015-04-30T13:53:30","modified_gmt":"2015-04-30T16:53:30","slug":"programacao-de-maio-de-2015-iceb","status":"publish","type":"post","link":"http:\/\/www.portaliceb.org.br\/wordpress\/?p=807","title":{"rendered":"Programa\u00e7\u00e3o de Maio de 2015 &#8211; ICEB"},"content":{"rendered":"<h3>1\u00ba s\u00e1bado &#8211; 02 \/ 05<\/h3>\n<p><strong>N\u00e3o haver\u00e1 palestra.<\/strong><\/p>\n<h3>2\u00ba s\u00e1bado &#8211; 09 \/ 05<\/h3>\n<p><strong>14h:00min<\/strong> &#8211; &#8220;Nos Dom\u00ednios da Mediunidade&#8221; &#8211; Luiz Eduardo Brand\u00e3o<br \/>\n<strong>15h:45min<\/strong> &#8211; Saber, Fazer, Ser &#8211; Marcelo Nazareth<\/p>\n<h3>3\u00ba s\u00e1bado &#8211; 16 \/ 05<\/h3>\n<p><strong><\/strong><strong>14h:00min<\/strong> &#8211; Pensamentos de Joana de \u00c2ngelis &#8211; Jos\u00e9 Henrique Rubim<br \/>\n<strong>15h:45min<\/strong> &#8211; Doen\u00e7a como Oportunidade &#8211; Jos\u00e9 Henrique Rubim<\/p>\n<h3>4\u00ba s\u00e1bado &#8211; 23 \/ 05<\/h3>\n<p><strong>14h:00min<\/strong> &#8211; Autodecobrimento de Joanna de Angelis &#8211; Luzia Mathias<br \/>\n<strong>15h:<\/strong><strong>45min<\/strong>&#8211; As mol\u00eaculas das Emo\u00e7\u00f5es &#8211; Rosa Martins<\/p>\n<h3>5\u00ba s\u00e1bado &#8211; 30 \/ 05<\/h3>\n<p><strong>14h:00min<\/strong> &#8211; Ora\u00e7\u00e3o, F\u00e9 e Cura &#8211; Rosa Martins<br \/>\n<strong>15h:<\/strong><strong>45min<\/strong>&#8211; C\u00e9rebro Cognitivo x C\u00e9rebro Emocional, O Dif\u00edcil Equil\u00edbrio\u00a0 &#8211; Rosa Martins<\/p>\n","protected":false},"excerpt":{"rendered":"<p>1\u00ba s\u00e1bado &#8211; 02 \/ 05 N\u00e3o haver\u00e1 palestra. 2\u00ba s\u00e1bado &#8211; 09 \/ 05 14h:00min &#8211; &#8220;Nos Dom\u00ednios da Mediunidade&#8221; &#8211; Luiz Eduardo Brand\u00e3o 15h:45min &#8211; Saber, Fazer, Ser &#8211; Marcelo Nazareth 3\u00ba s\u00e1bado &#8211; 16 \/ 05 14h:00min &#8211; Pensamentos de Joana de \u00c2ngelis &#8211; Jos\u00e9 Henrique Rubim 15h:45min &#8211; Doen\u00e7a como Oportunidade [&hellip;]<\/p>\n","protected":false},"author":1,"featured_media":0,"comment_status":"closed","ping_status":"closed","sticky":false,"template":"","format":"standard","meta":{"footnotes":""},"categories":[32,1],"tags":[],"class_list":["post-807","post","type-post","status-publish","format-standard","hentry","category-agenda","category-ultimas-noticias"],"_links":{"self":[{"href":"http:\/\/www.portaliceb.org.br\/wordpress\/index.php?rest_route=\/wp\/v2\/posts\/807","targetHints":{"allow":["GET"]}}],"collection":[{"href":"http:\/\/www.portaliceb.org.br\/wordpress\/index.php?rest_route=\/wp\/v2\/posts"}],"about":[{"href":"http:\/\/www.portaliceb.org.br\/wordpress\/index.php?rest_route=\/wp\/v2\/types\/post"}],"author":[{"embeddable":true,"href":"http:\/\/www.portaliceb.org.br\/wordpress\/index.php?rest_route=\/wp\/v2\/users\/1"}],"replies":[{"embeddable":true,"href":"http:\/\/www.portaliceb.org.br\/wordpress\/index.php?rest_route=%2Fwp%2Fv2%2Fcomments&post=807"}],"version-history":[{"count":6,"href":"http:\/\/www.portaliceb.org.br\/wordpress\/index.php?rest_route=\/wp\/v2\/posts\/807\/revisions"}],"predecessor-version":[{"id":809,"href":"http:\/\/www.portaliceb.org.br\/wordpress\/index.php?rest_route=\/wp\/v2\/posts\/807\/revisions\/809"}],"wp:attachment":[{"href":"http:\/\/www.portaliceb.org.br\/wordpress\/index.php?rest_route=%2Fwp%2Fv2%2Fmedia&parent=807"}],"wp:term":[{"taxonomy":"category","embeddable":true,"href":"http:\/\/www.portaliceb.org.br\/wordpress\/index.php?rest_route=%2Fwp%2Fv2%2Fcategories&post=807"},{"taxonomy":"post_tag","embeddable":true,"href":"http:\/\/www.portaliceb.org.br\/wordpress\/index.php?rest_route=%2Fwp%2Fv2%2Ftags&post=807"}],"curies":[{"name":"wp","href":"https:\/\/api.w.org\/{rel}","templated":true}]}}