{"id":792,"date":"2015-04-01T14:52:29","date_gmt":"2015-04-01T17:52:29","guid":{"rendered":"http:\/\/www.portaliceb.org.br\/wordpress\/?p=792"},"modified":"2015-04-01T15:07:28","modified_gmt":"2015-04-01T18:07:28","slug":"programacao-de-abril-de-2015-iceb","status":"publish","type":"post","link":"http:\/\/www.portaliceb.org.br\/wordpress\/?p=792","title":{"rendered":"Programa\u00e7\u00e3o de Abril de 2015 &#8211; ICEB"},"content":{"rendered":"<h3>1\u00ba s\u00e1bado &#8211; 04 \/ 04<\/h3>\n<p><strong>N\u00e3o haver\u00e1 palestra.<\/strong><\/p>\n<h3>2\u00ba s\u00e1bado &#8211; 11 \/ 04<\/h3>\n<p><strong>14h:00min<\/strong> &#8211; &#8220;Nos Dom\u00ednios da Mediunidade&#8221; &#8211; Luiz Eduardo Brand\u00e3o<br \/>\n<strong>15h:45min<\/strong> &#8211; Raz\u00e3o, Emo\u00e7\u00e3o, A\u00e7\u00e3o &#8211; Marcelo Nazareth<\/p>\n<h3>3\u00ba s\u00e1bado &#8211; 18 \/ 04<\/h3>\n<p><strong><\/strong><strong>14h:00min<\/strong> &#8211; Pensamentos de Joana de \u00c2ngelis &#8211; Jos\u00e9 Henrique Rubim<br \/>\n<strong>15h:45min<\/strong> &#8211; Sa\u00fade-Doen\u00e7a: o poder da escolha &#8211; Jos\u00e9 Henrique Rubim<\/p>\n<h3>4\u00ba s\u00e1bado &#8211; 25 \/ 04<\/h3>\n<p><strong>14h:00min<\/strong> &#8211; Autodecobrimento de Joanna de Angelis &#8211; Luzia Mathias<br \/>\n<strong>15h:00min<\/strong> &#8211; A mol\u00eacula da moralidae &#8211; Rosa Martins<\/p>\n","protected":false},"excerpt":{"rendered":"<p>1\u00ba s\u00e1bado &#8211; 04 \/ 04 N\u00e3o haver\u00e1 palestra. 2\u00ba s\u00e1bado &#8211; 11 \/ 04 14h:00min &#8211; &#8220;Nos Dom\u00ednios da Mediunidade&#8221; &#8211; Luiz Eduardo Brand\u00e3o 15h:45min &#8211; Raz\u00e3o, Emo\u00e7\u00e3o, A\u00e7\u00e3o &#8211; Marcelo Nazareth 3\u00ba s\u00e1bado &#8211; 18 \/ 04 14h:00min &#8211; Pensamentos de Joana de \u00c2ngelis &#8211; Jos\u00e9 Henrique Rubim 15h:45min &#8211; Sa\u00fade-Doen\u00e7a: o poder [&hellip;]<\/p>\n","protected":false},"author":1,"featured_media":0,"comment_status":"closed","ping_status":"closed","sticky":false,"template":"","format":"standard","meta":{"footnotes":""},"categories":[32,1],"tags":[],"class_list":["post-792","post","type-post","status-publish","format-standard","hentry","category-agenda","category-ultimas-noticias"],"_links":{"self":[{"href":"http:\/\/www.portaliceb.org.br\/wordpress\/index.php?rest_route=\/wp\/v2\/posts\/792","targetHints":{"allow":["GET"]}}],"collection":[{"href":"http:\/\/www.portaliceb.org.br\/wordpress\/index.php?rest_route=\/wp\/v2\/posts"}],"about":[{"href":"http:\/\/www.portaliceb.org.br\/wordpress\/index.php?rest_route=\/wp\/v2\/types\/post"}],"author":[{"embeddable":true,"href":"http:\/\/www.portaliceb.org.br\/wordpress\/index.php?rest_route=\/wp\/v2\/users\/1"}],"replies":[{"embeddable":true,"href":"http:\/\/www.portaliceb.org.br\/wordpress\/index.php?rest_route=%2Fwp%2Fv2%2Fcomments&post=792"}],"version-history":[{"count":4,"href":"http:\/\/www.portaliceb.org.br\/wordpress\/index.php?rest_route=\/wp\/v2\/posts\/792\/revisions"}],"predecessor-version":[{"id":795,"href":"http:\/\/www.portaliceb.org.br\/wordpress\/index.php?rest_route=\/wp\/v2\/posts\/792\/revisions\/795"}],"wp:attachment":[{"href":"http:\/\/www.portaliceb.org.br\/wordpress\/index.php?rest_route=%2Fwp%2Fv2%2Fmedia&parent=792"}],"wp:term":[{"taxonomy":"category","embeddable":true,"href":"http:\/\/www.portaliceb.org.br\/wordpress\/index.php?rest_route=%2Fwp%2Fv2%2Fcategories&post=792"},{"taxonomy":"post_tag","embeddable":true,"href":"http:\/\/www.portaliceb.org.br\/wordpress\/index.php?rest_route=%2Fwp%2Fv2%2Ftags&post=792"}],"curies":[{"name":"wp","href":"https:\/\/api.w.org\/{rel}","templated":true}]}}