{"id":780,"date":"2015-03-01T08:43:13","date_gmt":"2015-03-01T11:43:13","guid":{"rendered":"http:\/\/www.portaliceb.org.br\/wordpress\/?p=780"},"modified":"2015-02-24T08:47:08","modified_gmt":"2015-02-24T11:47:08","slug":"programacao-de-marco-de-2015-iceb","status":"publish","type":"post","link":"http:\/\/www.portaliceb.org.br\/wordpress\/?p=780","title":{"rendered":"Programa\u00e7\u00e3o de Mar\u00e7o de 2015 &#8211; ICEB"},"content":{"rendered":"<h3>1\u00ba S\u00e1bado &#8211; Dia 07 de mar\u00e7o de 2015:<\/h3>\n<p><strong>Aula Inaugural de 2015 &#8211; 14horas<\/strong> &#8211; Expositor: Paulo Cezar Fructuoso.<\/p>\n<h3>2\u00ba S\u00e1bado &#8211; dia 14 de mar\u00e7o de 2015:<\/h3>\n<p><strong>14horas<\/strong> &#8211; Nos Dom\u00ednios da Mediunidade &#8211; Expositor: Luiz Eduardo Brand\u00e3o.<\/p>\n<p><strong>15h45m<\/strong> &#8211; Raz\u00e3o, Emo\u00e7\u00e3o, A\u00e7\u00e3o &#8211; Expositor: Marcelo Nazareth.<\/p>\n<h3>3\u00ba S\u00e1bado &#8211; 21 de mar\u00e7o de 2015:<\/h3>\n<p><strong>14horas<\/strong> &#8211; Pensamento de Joanna de \u00c2ngelis &#8211; Expositor: Jos\u00e9 Henrique Rubin.<\/p>\n<p><strong>15h45m<\/strong> &#8211; Sa\u00fade-Doen\u00e7a: O Poder da Escolha &#8211; Expositor: Jos\u00e9 Henrique Rubin.<\/p>\n<h3>4\u00ba S\u00e1bado &#8211; dia 28 de mar\u00e7o de 2015:<\/h3>\n<p><strong>14horas<\/strong> &#8211; Auto-descobrimento &#8211; Joanna de \u00c2ngelis &#8211; Expositor: Luzia Mathias.<\/p>\n<p><strong>15h45m<\/strong> &#8211; Desvendando o Corpo Bioenerg\u00e9tico, Bioinforma\u00e7\u00e3o e Cura &#8211; Expositor: Jorge Pio.<\/p>\n","protected":false},"excerpt":{"rendered":"<p>1\u00ba S\u00e1bado &#8211; Dia 07 de mar\u00e7o de 2015: Aula Inaugural de 2015 &#8211; 14horas &#8211; Expositor: Paulo Cezar Fructuoso. 2\u00ba S\u00e1bado &#8211; dia 14 de mar\u00e7o de 2015: 14horas &#8211; Nos Dom\u00ednios da Mediunidade &#8211; Expositor: Luiz Eduardo Brand\u00e3o. 15h45m &#8211; Raz\u00e3o, Emo\u00e7\u00e3o, A\u00e7\u00e3o &#8211; Expositor: Marcelo Nazareth. 3\u00ba S\u00e1bado &#8211; 21 de mar\u00e7o [&hellip;]<\/p>\n","protected":false},"author":1,"featured_media":0,"comment_status":"closed","ping_status":"closed","sticky":false,"template":"","format":"standard","meta":{"footnotes":""},"categories":[32,1],"tags":[],"class_list":["post-780","post","type-post","status-publish","format-standard","hentry","category-agenda","category-ultimas-noticias"],"_links":{"self":[{"href":"http:\/\/www.portaliceb.org.br\/wordpress\/index.php?rest_route=\/wp\/v2\/posts\/780","targetHints":{"allow":["GET"]}}],"collection":[{"href":"http:\/\/www.portaliceb.org.br\/wordpress\/index.php?rest_route=\/wp\/v2\/posts"}],"about":[{"href":"http:\/\/www.portaliceb.org.br\/wordpress\/index.php?rest_route=\/wp\/v2\/types\/post"}],"author":[{"embeddable":true,"href":"http:\/\/www.portaliceb.org.br\/wordpress\/index.php?rest_route=\/wp\/v2\/users\/1"}],"replies":[{"embeddable":true,"href":"http:\/\/www.portaliceb.org.br\/wordpress\/index.php?rest_route=%2Fwp%2Fv2%2Fcomments&post=780"}],"version-history":[{"count":2,"href":"http:\/\/www.portaliceb.org.br\/wordpress\/index.php?rest_route=\/wp\/v2\/posts\/780\/revisions"}],"predecessor-version":[{"id":794,"href":"http:\/\/www.portaliceb.org.br\/wordpress\/index.php?rest_route=\/wp\/v2\/posts\/780\/revisions\/794"}],"wp:attachment":[{"href":"http:\/\/www.portaliceb.org.br\/wordpress\/index.php?rest_route=%2Fwp%2Fv2%2Fmedia&parent=780"}],"wp:term":[{"taxonomy":"category","embeddable":true,"href":"http:\/\/www.portaliceb.org.br\/wordpress\/index.php?rest_route=%2Fwp%2Fv2%2Fcategories&post=780"},{"taxonomy":"post_tag","embeddable":true,"href":"http:\/\/www.portaliceb.org.br\/wordpress\/index.php?rest_route=%2Fwp%2Fv2%2Ftags&post=780"}],"curies":[{"name":"wp","href":"https:\/\/api.w.org\/{rel}","templated":true}]}}