{"id":756,"date":"2015-01-05T13:29:02","date_gmt":"2015-01-05T16:29:02","guid":{"rendered":"http:\/\/www.portaliceb.org.br\/wordpress\/?p=756"},"modified":"2015-01-05T13:29:02","modified_gmt":"2015-01-05T16:29:02","slug":"programacao-de-janeiro-de-2015-iceb","status":"publish","type":"post","link":"http:\/\/www.portaliceb.org.br\/wordpress\/?p=756","title":{"rendered":"Programa\u00e7\u00e3o de Janeiro de 2015 &#8211; ICEB"},"content":{"rendered":"<h3>1\u00ba s\u00e1bado &#8211; 03 \/ 01<\/h3>\n<p><strong>N\u00e3o haver\u00e1 curso<br \/>\n<\/strong><\/p>\n<h3>2\u00ba s\u00e1bado &#8211; 10 \/ 01<\/h3>\n<p><strong>15h:00min<\/strong> &#8211; Tema Livre &#8211; Cesar Reis<\/p>\n<h3>3\u00ba s\u00e1bado &#8211; 17 \/ 01<\/h3>\n<p><strong>15h:00min<\/strong> &#8211; Edu\u00e7\u00e3o do Esp\u00edrito &#8211; Darcy Neves<\/p>\n<h3>4\u00ba s\u00e1bado &#8211; 24 \/ 01<\/h3>\n<p><strong>15h:00min<\/strong> &#8211; Emo\u00e7\u00f5es: D\u00e1diva de Deus em n\u00f3s &#8211; Tatiane Bellieni<\/p>\n<h3>4\u00ba s\u00e1bado &#8211; 31 \/ 01<\/h3>\n<p><strong>15h:00min<\/strong> &#8211; Evangelho, Renascimento e Regenera\u00e7\u00e3o &#8211; Ayrton Xavier<\/p>\n","protected":false},"excerpt":{"rendered":"<p>1\u00ba s\u00e1bado &#8211; 03 \/ 01 N\u00e3o haver\u00e1 curso 2\u00ba s\u00e1bado &#8211; 10 \/ 01 15h:00min &#8211; Tema Livre &#8211; Cesar Reis 3\u00ba s\u00e1bado &#8211; 17 \/ 01 15h:00min &#8211; Edu\u00e7\u00e3o do Esp\u00edrito &#8211; Darcy Neves 4\u00ba s\u00e1bado &#8211; 24 \/ 01 15h:00min &#8211; Emo\u00e7\u00f5es: D\u00e1diva de Deus em n\u00f3s &#8211; Tatiane Bellieni 4\u00ba s\u00e1bado [&hellip;]<\/p>\n","protected":false},"author":1,"featured_media":0,"comment_status":"closed","ping_status":"closed","sticky":false,"template":"","format":"standard","meta":{"footnotes":""},"categories":[32,1],"tags":[],"class_list":["post-756","post","type-post","status-publish","format-standard","hentry","category-agenda","category-ultimas-noticias"],"_links":{"self":[{"href":"http:\/\/www.portaliceb.org.br\/wordpress\/index.php?rest_route=\/wp\/v2\/posts\/756","targetHints":{"allow":["GET"]}}],"collection":[{"href":"http:\/\/www.portaliceb.org.br\/wordpress\/index.php?rest_route=\/wp\/v2\/posts"}],"about":[{"href":"http:\/\/www.portaliceb.org.br\/wordpress\/index.php?rest_route=\/wp\/v2\/types\/post"}],"author":[{"embeddable":true,"href":"http:\/\/www.portaliceb.org.br\/wordpress\/index.php?rest_route=\/wp\/v2\/users\/1"}],"replies":[{"embeddable":true,"href":"http:\/\/www.portaliceb.org.br\/wordpress\/index.php?rest_route=%2Fwp%2Fv2%2Fcomments&post=756"}],"version-history":[{"count":2,"href":"http:\/\/www.portaliceb.org.br\/wordpress\/index.php?rest_route=\/wp\/v2\/posts\/756\/revisions"}],"predecessor-version":[{"id":758,"href":"http:\/\/www.portaliceb.org.br\/wordpress\/index.php?rest_route=\/wp\/v2\/posts\/756\/revisions\/758"}],"wp:attachment":[{"href":"http:\/\/www.portaliceb.org.br\/wordpress\/index.php?rest_route=%2Fwp%2Fv2%2Fmedia&parent=756"}],"wp:term":[{"taxonomy":"category","embeddable":true,"href":"http:\/\/www.portaliceb.org.br\/wordpress\/index.php?rest_route=%2Fwp%2Fv2%2Fcategories&post=756"},{"taxonomy":"post_tag","embeddable":true,"href":"http:\/\/www.portaliceb.org.br\/wordpress\/index.php?rest_route=%2Fwp%2Fv2%2Ftags&post=756"}],"curies":[{"name":"wp","href":"https:\/\/api.w.org\/{rel}","templated":true}]}}