{"id":722,"date":"2014-10-01T10:13:36","date_gmt":"2014-10-01T13:13:36","guid":{"rendered":"http:\/\/www.portaliceb.org.br\/wordpress\/?p=722"},"modified":"2014-10-15T10:32:02","modified_gmt":"2014-10-15T13:32:02","slug":"programacao-de-outubro-de-2014-iceb","status":"publish","type":"post","link":"http:\/\/www.portaliceb.org.br\/wordpress\/?p=722","title":{"rendered":"Programa\u00e7\u00e3o de Outubro de 2014 &#8211; ICEB"},"content":{"rendered":"<h3>1\u00ba s\u00e1bado &#8211; 04 \/ 10<\/h3>\n<p><strong>N\u00e3o haver\u00e1 palestra devido \u00e0s elei\u00e7\u00f5es.<\/strong><\/p>\n<h3>2\u00ba s\u00e1bado &#8211; 11 \/ 10<\/h3>\n<p><strong><\/strong><strong>13h:30min<\/strong> &#8211; Trilha do Conhecimento &#8211;\u00a0 Jovens Esp\u00edritas<br \/>\n<strong>15h:00min<\/strong> &#8211; \u00c9tica da Responsabilidade &#8211; Ivan Tauil<\/p>\n<h3>3\u00ba s\u00e1bado &#8211; 18 \/ 10<\/h3>\n<p><strong>13h:30min<\/strong> &#8211; Pensamento de Joanna de Angelis &#8211; Jos\u00e9 Henrique Rubin<br \/>\n<strong>15h:00min<\/strong> &#8211; Unidade na diversidade &#8211; Jorge Pedreira de Cerqueira<\/p>\n<h3>4\u00ba s\u00e1bado &#8211; 25 \/ 10<\/h3>\n<p><strong><\/strong><strong>N\u00e3o haver\u00e1 palestra devido \u00e0s elei\u00e7\u00f5es.<\/strong><\/p>\n","protected":false},"excerpt":{"rendered":"<p>1\u00ba s\u00e1bado &#8211; 04 \/ 10 N\u00e3o haver\u00e1 palestra devido \u00e0s elei\u00e7\u00f5es. 2\u00ba s\u00e1bado &#8211; 11 \/ 10 13h:30min &#8211; Trilha do Conhecimento &#8211;\u00a0 Jovens Esp\u00edritas 15h:00min &#8211; \u00c9tica da Responsabilidade &#8211; Ivan Tauil 3\u00ba s\u00e1bado &#8211; 18 \/ 10 13h:30min &#8211; Pensamento de Joanna de Angelis &#8211; Jos\u00e9 Henrique Rubin 15h:00min &#8211; Unidade na [&hellip;]<\/p>\n","protected":false},"author":1,"featured_media":0,"comment_status":"closed","ping_status":"closed","sticky":false,"template":"","format":"standard","meta":{"footnotes":""},"categories":[32,1],"tags":[],"class_list":["post-722","post","type-post","status-publish","format-standard","hentry","category-agenda","category-ultimas-noticias"],"_links":{"self":[{"href":"http:\/\/www.portaliceb.org.br\/wordpress\/index.php?rest_route=\/wp\/v2\/posts\/722","targetHints":{"allow":["GET"]}}],"collection":[{"href":"http:\/\/www.portaliceb.org.br\/wordpress\/index.php?rest_route=\/wp\/v2\/posts"}],"about":[{"href":"http:\/\/www.portaliceb.org.br\/wordpress\/index.php?rest_route=\/wp\/v2\/types\/post"}],"author":[{"embeddable":true,"href":"http:\/\/www.portaliceb.org.br\/wordpress\/index.php?rest_route=\/wp\/v2\/users\/1"}],"replies":[{"embeddable":true,"href":"http:\/\/www.portaliceb.org.br\/wordpress\/index.php?rest_route=%2Fwp%2Fv2%2Fcomments&post=722"}],"version-history":[{"count":3,"href":"http:\/\/www.portaliceb.org.br\/wordpress\/index.php?rest_route=\/wp\/v2\/posts\/722\/revisions"}],"predecessor-version":[{"id":724,"href":"http:\/\/www.portaliceb.org.br\/wordpress\/index.php?rest_route=\/wp\/v2\/posts\/722\/revisions\/724"}],"wp:attachment":[{"href":"http:\/\/www.portaliceb.org.br\/wordpress\/index.php?rest_route=%2Fwp%2Fv2%2Fmedia&parent=722"}],"wp:term":[{"taxonomy":"category","embeddable":true,"href":"http:\/\/www.portaliceb.org.br\/wordpress\/index.php?rest_route=%2Fwp%2Fv2%2Fcategories&post=722"},{"taxonomy":"post_tag","embeddable":true,"href":"http:\/\/www.portaliceb.org.br\/wordpress\/index.php?rest_route=%2Fwp%2Fv2%2Ftags&post=722"}],"curies":[{"name":"wp","href":"https:\/\/api.w.org\/{rel}","templated":true}]}}