{"id":698,"date":"2014-09-02T10:35:52","date_gmt":"2014-09-02T13:35:52","guid":{"rendered":"http:\/\/www.portaliceb.org.br\/wordpress\/?p=698"},"modified":"2014-09-02T10:35:52","modified_gmt":"2014-09-02T13:35:52","slug":"programacao-de-setembro-de-2014-iceb","status":"publish","type":"post","link":"http:\/\/www.portaliceb.org.br\/wordpress\/?p=698","title":{"rendered":"Programa\u00e7\u00e3o de Setembro de 2014 &#8211; ICEB"},"content":{"rendered":"<h3>1\u00ba s\u00e1bado &#8211; 06 \/ 09<\/h3>\n<p><strong>13h:30min<\/strong> &#8211; Trilhas do Conhecimento &#8211; Grupo Jovem<br \/>\n<strong>15h:00min<\/strong> &#8211; Viver em Rede &#8211; Assaruhy<\/p>\n<h3>2\u00ba s\u00e1bado &#8211; 13 \/ 09<\/h3>\n<p><strong><\/strong><strong>13h:30min<\/strong> &#8211; Obras de Andr\u00e9 Luiz &#8220;Nos Dom\u00ednios da Mediunidade&#8221; &#8211; Luiz Eduardo Brand\u00e3o<br \/>\n<strong>15h:00min<\/strong> &#8211; Saber Cuidar &#8211; Ivan Tauil<\/p>\n<h3>3\u00ba s\u00e1bado &#8211; 20 \/ 09<\/h3>\n<p><strong>13h:30min<\/strong> &#8211; Pensamento de Joanna de Angelis &#8211; Jos\u00e9 Henrique Rubin<br \/>\n<strong>15h:00min<\/strong> &#8211; Comunidade da Vida &#8211; Jorge Pedreira de Cerqueira<\/p>\n<h3>4\u00ba s\u00e1bado &#8211; 27 \/ 09<\/h3>\n<p><strong>13h:30min<\/strong> &#8211; Pensamento de Joanna de Angelis &#8211; Luzia Mathias<br \/>\n<strong>15h:00min<\/strong> &#8211; Ponte entre a Ci\u00eancia e Religi\u00e3o\u00a0 &#8211; Claudio Conti<\/p>\n","protected":false},"excerpt":{"rendered":"<p>1\u00ba s\u00e1bado &#8211; 06 \/ 09 13h:30min &#8211; Trilhas do Conhecimento &#8211; Grupo Jovem 15h:00min &#8211; Viver em Rede &#8211; Assaruhy 2\u00ba s\u00e1bado &#8211; 13 \/ 09 13h:30min &#8211; Obras de Andr\u00e9 Luiz &#8220;Nos Dom\u00ednios da Mediunidade&#8221; &#8211; Luiz Eduardo Brand\u00e3o 15h:00min &#8211; Saber Cuidar &#8211; Ivan Tauil 3\u00ba s\u00e1bado &#8211; 20 \/ 09 13h:30min [&hellip;]<\/p>\n","protected":false},"author":1,"featured_media":0,"comment_status":"closed","ping_status":"closed","sticky":false,"template":"","format":"standard","meta":{"footnotes":""},"categories":[32,1],"tags":[],"class_list":["post-698","post","type-post","status-publish","format-standard","hentry","category-agenda","category-ultimas-noticias"],"_links":{"self":[{"href":"http:\/\/www.portaliceb.org.br\/wordpress\/index.php?rest_route=\/wp\/v2\/posts\/698","targetHints":{"allow":["GET"]}}],"collection":[{"href":"http:\/\/www.portaliceb.org.br\/wordpress\/index.php?rest_route=\/wp\/v2\/posts"}],"about":[{"href":"http:\/\/www.portaliceb.org.br\/wordpress\/index.php?rest_route=\/wp\/v2\/types\/post"}],"author":[{"embeddable":true,"href":"http:\/\/www.portaliceb.org.br\/wordpress\/index.php?rest_route=\/wp\/v2\/users\/1"}],"replies":[{"embeddable":true,"href":"http:\/\/www.portaliceb.org.br\/wordpress\/index.php?rest_route=%2Fwp%2Fv2%2Fcomments&post=698"}],"version-history":[{"count":2,"href":"http:\/\/www.portaliceb.org.br\/wordpress\/index.php?rest_route=\/wp\/v2\/posts\/698\/revisions"}],"predecessor-version":[{"id":703,"href":"http:\/\/www.portaliceb.org.br\/wordpress\/index.php?rest_route=\/wp\/v2\/posts\/698\/revisions\/703"}],"wp:attachment":[{"href":"http:\/\/www.portaliceb.org.br\/wordpress\/index.php?rest_route=%2Fwp%2Fv2%2Fmedia&parent=698"}],"wp:term":[{"taxonomy":"category","embeddable":true,"href":"http:\/\/www.portaliceb.org.br\/wordpress\/index.php?rest_route=%2Fwp%2Fv2%2Fcategories&post=698"},{"taxonomy":"post_tag","embeddable":true,"href":"http:\/\/www.portaliceb.org.br\/wordpress\/index.php?rest_route=%2Fwp%2Fv2%2Ftags&post=698"}],"curies":[{"name":"wp","href":"https:\/\/api.w.org\/{rel}","templated":true}]}}