{"id":691,"date":"2014-08-04T11:32:39","date_gmt":"2014-08-04T14:32:39","guid":{"rendered":"http:\/\/www.portaliceb.org.br\/wordpress\/?p=691"},"modified":"2014-09-02T10:35:56","modified_gmt":"2014-09-02T13:35:56","slug":"programacao-de-agosto-de-2014-iceb","status":"publish","type":"post","link":"http:\/\/www.portaliceb.org.br\/wordpress\/?p=691","title":{"rendered":"Programa\u00e7\u00e3o de Agosto de 2014 &#8211; ICEB"},"content":{"rendered":"<h3>1\u00ba s\u00e1bado &#8211; 02 \/ 08<\/h3>\n<p><strong>13h:30min<\/strong> &#8211; Trilhas do Conhecimento &#8211; Grupo Jovem<br \/>\n<strong>15h:00min<\/strong> &#8211; Consci\u00eancia Ecol\u00f3gica &#8211; Assaruhy<\/p>\n<h3>2\u00ba s\u00e1bado &#8211; 09 \/ 08<\/h3>\n<p><strong>15h:00min<\/strong> &#8211; \u00c9tica da Vida &#8211; Ivan Tauil<\/p>\n<h3>3\u00ba s\u00e1bado &#8211; 16 \/ 08<\/h3>\n<p><strong>13h:30min<\/strong> &#8211; Obras de Andr\u00e9 Luiz &#8220;Nos Dom\u00ednios da Mediunidade&#8221; &#8211; Luiz Eduardo Brand\u00e3o<br \/>\n<strong>15h:00min<\/strong> &#8211; Saber, poder, querer e dever &#8211; Neandertal Alves<\/p>\n<h3>4\u00ba s\u00e1bado &#8211; 23 \/ 08<\/h3>\n<p><strong>13h:30min<\/strong> &#8211; Pensamento de Joanna de Angelis &#8211; Luzia Mathias<br \/>\n<strong>15h:00min<\/strong> &#8211; Busca da Verdade Espiritual &#8211; Claudio Conti<\/p>\n<h3>5\u00ba s\u00e1bado &#8211; 30 \/ 08<\/h3>\n<p><strong>13h:30min<\/strong> &#8211; Pensamento de Joanna de Angelis &#8211; Jos\u00e9 Henrique Rubim<br \/>\n<strong>15h:00min<\/strong> &#8211; Pertencendo ao Universo &#8211; Cerqueira<\/p>\n","protected":false},"excerpt":{"rendered":"<p>1\u00ba s\u00e1bado &#8211; 02 \/ 08 13h:30min &#8211; Trilhas do Conhecimento &#8211; Grupo Jovem 15h:00min &#8211; Consci\u00eancia Ecol\u00f3gica &#8211; Assaruhy 2\u00ba s\u00e1bado &#8211; 09 \/ 08 15h:00min &#8211; \u00c9tica da Vida &#8211; Ivan Tauil 3\u00ba s\u00e1bado &#8211; 16 \/ 08 13h:30min &#8211; Obras de Andr\u00e9 Luiz &#8220;Nos Dom\u00ednios da Mediunidade&#8221; &#8211; Luiz Eduardo Brand\u00e3o 15h:00min [&hellip;]<\/p>\n","protected":false},"author":1,"featured_media":0,"comment_status":"closed","ping_status":"closed","sticky":false,"template":"","format":"standard","meta":{"footnotes":""},"categories":[32,1],"tags":[],"class_list":["post-691","post","type-post","status-publish","format-standard","hentry","category-agenda","category-ultimas-noticias"],"_links":{"self":[{"href":"http:\/\/www.portaliceb.org.br\/wordpress\/index.php?rest_route=\/wp\/v2\/posts\/691","targetHints":{"allow":["GET"]}}],"collection":[{"href":"http:\/\/www.portaliceb.org.br\/wordpress\/index.php?rest_route=\/wp\/v2\/posts"}],"about":[{"href":"http:\/\/www.portaliceb.org.br\/wordpress\/index.php?rest_route=\/wp\/v2\/types\/post"}],"author":[{"embeddable":true,"href":"http:\/\/www.portaliceb.org.br\/wordpress\/index.php?rest_route=\/wp\/v2\/users\/1"}],"replies":[{"embeddable":true,"href":"http:\/\/www.portaliceb.org.br\/wordpress\/index.php?rest_route=%2Fwp%2Fv2%2Fcomments&post=691"}],"version-history":[{"count":3,"href":"http:\/\/www.portaliceb.org.br\/wordpress\/index.php?rest_route=\/wp\/v2\/posts\/691\/revisions"}],"predecessor-version":[{"id":699,"href":"http:\/\/www.portaliceb.org.br\/wordpress\/index.php?rest_route=\/wp\/v2\/posts\/691\/revisions\/699"}],"wp:attachment":[{"href":"http:\/\/www.portaliceb.org.br\/wordpress\/index.php?rest_route=%2Fwp%2Fv2%2Fmedia&parent=691"}],"wp:term":[{"taxonomy":"category","embeddable":true,"href":"http:\/\/www.portaliceb.org.br\/wordpress\/index.php?rest_route=%2Fwp%2Fv2%2Fcategories&post=691"},{"taxonomy":"post_tag","embeddable":true,"href":"http:\/\/www.portaliceb.org.br\/wordpress\/index.php?rest_route=%2Fwp%2Fv2%2Ftags&post=691"}],"curies":[{"name":"wp","href":"https:\/\/api.w.org\/{rel}","templated":true}]}}