{"id":630,"date":"2014-04-15T10:39:31","date_gmt":"2014-04-15T13:39:31","guid":{"rendered":"http:\/\/www.portaliceb.org.br\/wordpress\/?p=630"},"modified":"2014-04-28T10:03:38","modified_gmt":"2014-04-28T13:03:38","slug":"convite-5o-aniversario-da-revista-espirita","status":"publish","type":"post","link":"http:\/\/www.portaliceb.org.br\/wordpress\/?p=630","title":{"rendered":"Convite &#8211; 5\u00ba Anivers\u00e1rio da Revista Esp\u00edrita"},"content":{"rendered":"<p>O Instituto de Cultura Esp\u00edrita do Brasil e a <em>Revista Cultura Esp\u00edrita<\/em> convidam para o encontro de comemora\u00e7\u00e3o do 5\u00ba anivers\u00e1rio da Revista, no dia 26 de abril de 2014, a partir das 14h, na sede hist\u00f3rica da Federa\u00e7\u00e3o Esp\u00edrita Brasileira, na Avenida Passos, n\u00ba 30, Rio de Janeiro &#8211; RJ.<\/p>\n<p><strong>PROGRAMA\u00c7\u00c3O:<\/strong><\/p>\n<ol>\n<li>Prepara\u00e7\u00e3o musical com Beto dos Teclados e Anatasha Meckenna;<\/li>\n<li>Prece;<\/li>\n<li>Abertura &#8211; Presidente do ICEB e diretor da <em>Revista Cultura Esp\u00edrita, <\/em>senhor Cesar Reis;<\/li>\n<li>Palavra da FEB;<\/li>\n<li>A <em>Revista Cultura Esp\u00edrita &#8211; <\/em>Apresenta\u00e7\u00e3o da coordenadora Nadja do Couto Valle;<\/li>\n<li>Exposi\u00e7\u00e3o de Ana Guimar\u00e3es em nome dos articulistas fixos;<\/li>\n<li>Exposi\u00e7\u00e3o de Claudio Conti em nome dos articuladores convidados;<\/li>\n<li>Exposi\u00e7\u00e3o de Darcy Neves Moreira em nome do movimento esp\u00edrita;<\/li>\n<li>Homenagens;<\/li>\n<li>Concerto do pianista Itajara Dias;<\/li>\n<li>Encerramento &#8211; Presidente de Honra do ICEB, Dr. Jorge Andr\u00e9a;<\/li>\n<li>Prece;<\/li>\n<\/ol>\n","protected":false},"excerpt":{"rendered":"<p>O Instituto de Cultura Esp\u00edrita do Brasil e a Revista Cultura Esp\u00edrita convidam para o encontro de comemora\u00e7\u00e3o do 5\u00ba anivers\u00e1rio da Revista, no dia 26 de abril de 2014, a partir das 14h, na sede hist\u00f3rica da Federa\u00e7\u00e3o Esp\u00edrita Brasileira, na Avenida Passos, n\u00ba 30, Rio de Janeiro &#8211; RJ. PROGRAMA\u00c7\u00c3O: Prepara\u00e7\u00e3o musical com [&hellip;]<\/p>\n","protected":false},"author":1,"featured_media":0,"comment_status":"closed","ping_status":"closed","sticky":false,"template":"","format":"standard","meta":{"footnotes":""},"categories":[32,1],"tags":[],"class_list":["post-630","post","type-post","status-publish","format-standard","hentry","category-agenda","category-ultimas-noticias"],"_links":{"self":[{"href":"http:\/\/www.portaliceb.org.br\/wordpress\/index.php?rest_route=\/wp\/v2\/posts\/630","targetHints":{"allow":["GET"]}}],"collection":[{"href":"http:\/\/www.portaliceb.org.br\/wordpress\/index.php?rest_route=\/wp\/v2\/posts"}],"about":[{"href":"http:\/\/www.portaliceb.org.br\/wordpress\/index.php?rest_route=\/wp\/v2\/types\/post"}],"author":[{"embeddable":true,"href":"http:\/\/www.portaliceb.org.br\/wordpress\/index.php?rest_route=\/wp\/v2\/users\/1"}],"replies":[{"embeddable":true,"href":"http:\/\/www.portaliceb.org.br\/wordpress\/index.php?rest_route=%2Fwp%2Fv2%2Fcomments&post=630"}],"version-history":[{"count":5,"href":"http:\/\/www.portaliceb.org.br\/wordpress\/index.php?rest_route=\/wp\/v2\/posts\/630\/revisions"}],"predecessor-version":[{"id":634,"href":"http:\/\/www.portaliceb.org.br\/wordpress\/index.php?rest_route=\/wp\/v2\/posts\/630\/revisions\/634"}],"wp:attachment":[{"href":"http:\/\/www.portaliceb.org.br\/wordpress\/index.php?rest_route=%2Fwp%2Fv2%2Fmedia&parent=630"}],"wp:term":[{"taxonomy":"category","embeddable":true,"href":"http:\/\/www.portaliceb.org.br\/wordpress\/index.php?rest_route=%2Fwp%2Fv2%2Fcategories&post=630"},{"taxonomy":"post_tag","embeddable":true,"href":"http:\/\/www.portaliceb.org.br\/wordpress\/index.php?rest_route=%2Fwp%2Fv2%2Ftags&post=630"}],"curies":[{"name":"wp","href":"https:\/\/api.w.org\/{rel}","templated":true}]}}