{"id":526,"date":"2013-10-02T09:10:26","date_gmt":"2013-10-02T12:10:26","guid":{"rendered":"http:\/\/www.portaliceb.org.br\/wordpress\/?p=526"},"modified":"2014-02-13T08:30:42","modified_gmt":"2014-02-13T11:30:42","slug":"palestra-conexoes-entre-espiritualidade-ciencia-e-saude","status":"publish","type":"post","link":"http:\/\/www.portaliceb.org.br\/wordpress\/?p=526","title":{"rendered":"PALESTRA: CONEX\u00d5ES ENTRE,  ESPIRITUALIDADE,  CI\u00caNCIA  E SA\u00daDE."},"content":{"rendered":"<p>I<b>NFORMAMOS QUE HAVER\u00c1 UMA<\/b>\u00a0<b>PALESTRA MUITO ESPECIAL \u00a0NO DIA\u00a0<span style=\"text-decoration: underline;\">05 DE OUTUBRO DE 2013<\/span>\u00a0A SER REALIZADA NA SEDE DO ICEB \u00c0 RUA IBITURUNA, \u00a0N\u00b0 53- ABRIGO TEREZA DE JESUS &#8211; AUDIT\u00d3RIO \u00a0PRINCIPAL &#8211; HOR\u00c1RIO DE 14 HORAS \u00c0S 17 HORAS.<\/b><\/p>\n<div><b>\u00a0<\/b><\/div>\n<div><b>PALESTRANTE: PROFESSOR\u00a0<span style=\"text-decoration: underline;\"><span style=\"color: #351c75;\">MOACIR COSTA DE ARA\u00daJO \u00a0LIMA<\/span><\/span><\/b><\/div>\n<div><b>\u00a0<\/b><\/div>\n<div><b>TEMA:\u00a0<span style=\"color: #351c75;\">&#8221;\u00a0<span style=\"text-decoration: underline;\">CONEX\u00d5ES ENTRE, \u00a0ESPIRITUALIDADE, \u00a0CI\u00caNCIA \u00a0E SA\u00daDE<\/span>&#8220;.<\/span><\/b><\/div>\n<div><b>\u00a0<\/b><\/div>\n<div><b>ENTRADA DA FRANCA<\/b><\/div>\n<div><b>\u00a0<\/b><\/div>\n<div><b>PARTICIPE!<\/b><\/div>\n","protected":false},"excerpt":{"rendered":"<p>INFORMAMOS QUE HAVER\u00c1 UMA\u00a0PALESTRA MUITO ESPECIAL \u00a0NO DIA\u00a005 DE OUTUBRO DE 2013\u00a0A SER REALIZADA NA SEDE DO ICEB \u00c0 RUA IBITURUNA, \u00a0N\u00b0 53- ABRIGO TEREZA DE JESUS &#8211; AUDIT\u00d3RIO \u00a0PRINCIPAL &#8211; HOR\u00c1RIO DE 14 HORAS \u00c0S 17 HORAS. \u00a0 PALESTRANTE: PROFESSOR\u00a0MOACIR COSTA DE ARA\u00daJO \u00a0LIMA \u00a0 TEMA:\u00a0&#8221;\u00a0CONEX\u00d5ES ENTRE, \u00a0ESPIRITUALIDADE, \u00a0CI\u00caNCIA \u00a0E SA\u00daDE&#8220;. \u00a0 ENTRADA DA [&hellip;]<\/p>\n","protected":false},"author":1,"featured_media":0,"comment_status":"closed","ping_status":"closed","sticky":false,"template":"","format":"standard","meta":{"footnotes":""},"categories":[32],"tags":[],"class_list":["post-526","post","type-post","status-publish","format-standard","hentry","category-agenda"],"_links":{"self":[{"href":"http:\/\/www.portaliceb.org.br\/wordpress\/index.php?rest_route=\/wp\/v2\/posts\/526","targetHints":{"allow":["GET"]}}],"collection":[{"href":"http:\/\/www.portaliceb.org.br\/wordpress\/index.php?rest_route=\/wp\/v2\/posts"}],"about":[{"href":"http:\/\/www.portaliceb.org.br\/wordpress\/index.php?rest_route=\/wp\/v2\/types\/post"}],"author":[{"embeddable":true,"href":"http:\/\/www.portaliceb.org.br\/wordpress\/index.php?rest_route=\/wp\/v2\/users\/1"}],"replies":[{"embeddable":true,"href":"http:\/\/www.portaliceb.org.br\/wordpress\/index.php?rest_route=%2Fwp%2Fv2%2Fcomments&post=526"}],"version-history":[{"count":3,"href":"http:\/\/www.portaliceb.org.br\/wordpress\/index.php?rest_route=\/wp\/v2\/posts\/526\/revisions"}],"predecessor-version":[{"id":571,"href":"http:\/\/www.portaliceb.org.br\/wordpress\/index.php?rest_route=\/wp\/v2\/posts\/526\/revisions\/571"}],"wp:attachment":[{"href":"http:\/\/www.portaliceb.org.br\/wordpress\/index.php?rest_route=%2Fwp%2Fv2%2Fmedia&parent=526"}],"wp:term":[{"taxonomy":"category","embeddable":true,"href":"http:\/\/www.portaliceb.org.br\/wordpress\/index.php?rest_route=%2Fwp%2Fv2%2Fcategories&post=526"},{"taxonomy":"post_tag","embeddable":true,"href":"http:\/\/www.portaliceb.org.br\/wordpress\/index.php?rest_route=%2Fwp%2Fv2%2Ftags&post=526"}],"curies":[{"name":"wp","href":"https:\/\/api.w.org\/{rel}","templated":true}]}}