{"id":4367,"date":"2020-02-07T13:15:58","date_gmt":"2020-02-07T16:15:58","guid":{"rendered":"http:\/\/www.portaliceb.org.br\/wordpress\/?p=4367"},"modified":"2021-03-06T13:32:15","modified_gmt":"2021-03-06T16:32:15","slug":"palestras-de-marco-2020","status":"publish","type":"post","link":"http:\/\/www.portaliceb.org.br\/wordpress\/?p=4367","title":{"rendered":"PALESTRAS DE MAR\u00c7O 2020"},"content":{"rendered":"\n<h4><strong>Dia 07<\/strong><\/h4>\n\n\n\n<h4><strong>Arthur Valadares<\/strong> &#8211; Aula inaugural &#8211; 15:00 \u00e0s 17:00<\/h4>\n\n<hr>\n\n\n\n<h4><strong>Dia 14<\/strong><\/h4>\n\n\n\n<h4><strong>Luiz Eduardo Brand\u00e3o<\/strong> &#8211; Evolu\u00e7\u00e3o em dois mundos. &#8211; 14:00 \u00e0s 15:15<\/h4>\n<h4><strong>Claudio Conti<\/strong> &#8211; Ci\u00eancia e Espiritualidade &#8211; 15:45 \u00e0s 17:00<\/h4>\n\n<hr>\n\n\n\n<h4><strong>Dia 21<\/strong><\/h4>\n\n\n\n<h4><strong>Jos\u00e9 Henrique Rubim<\/strong> &#8211; &#8220;Pensamento de Joanna de \u00c2ngelis, Jung e Jorge Andr\u00e9a&#8221; &#8211; 14:00 \u00e0s 15:15<\/h4>\n<h4><strong>Jos\u00e9 Henrique Rubim<\/strong> &#8211; Ci\u00eancia Esp\u00edrita &#8211; 15:45 \u00e0s 17:00<\/h4>\n\n<hr>\n\n\n\n<h4><strong>Dia 28<\/strong><\/h4>\n\n\n\n<h4><strong>Luzia Mathias<\/strong> &#8211; &#8220;Vida desafio e solu\u00e7\u00f5es &#8211; Joanna de \u00c2ngelis&#8221; &#8211; 14:00 \u00e0s 15:15<\/h4>\n<h4><strong>Jorge Pio<\/strong> &#8211; Religi\u00e3o Espirita &#8211; 15:45 \u00e0s 17:00<\/h4>\n\n<hr>\n","protected":false},"excerpt":{"rendered":"<p>Dia 07 Arthur Valadares &#8211; Aula inaugural &#8211; 15:00 \u00e0s 17:00 Dia 14 Luiz Eduardo Brand\u00e3o &#8211; Evolu\u00e7\u00e3o em dois mundos. &#8211; 14:00 \u00e0s 15:15 Claudio Conti &#8211; Ci\u00eancia e Espiritualidade &#8211; 15:45 \u00e0s 17:00 Dia 21 Jos\u00e9 Henrique Rubim &#8211; &#8220;Pensamento de Joanna de \u00c2ngelis, Jung e Jorge Andr\u00e9a&#8221; &#8211; 14:00 \u00e0s 15:15 Jos\u00e9 [&hellip;]<\/p>\n","protected":false},"author":1,"featured_media":0,"comment_status":"closed","ping_status":"closed","sticky":false,"template":"","format":"standard","meta":{"footnotes":""},"categories":[1],"tags":[],"class_list":["post-4367","post","type-post","status-publish","format-standard","hentry","category-ultimas-noticias"],"_links":{"self":[{"href":"http:\/\/www.portaliceb.org.br\/wordpress\/index.php?rest_route=\/wp\/v2\/posts\/4367","targetHints":{"allow":["GET"]}}],"collection":[{"href":"http:\/\/www.portaliceb.org.br\/wordpress\/index.php?rest_route=\/wp\/v2\/posts"}],"about":[{"href":"http:\/\/www.portaliceb.org.br\/wordpress\/index.php?rest_route=\/wp\/v2\/types\/post"}],"author":[{"embeddable":true,"href":"http:\/\/www.portaliceb.org.br\/wordpress\/index.php?rest_route=\/wp\/v2\/users\/1"}],"replies":[{"embeddable":true,"href":"http:\/\/www.portaliceb.org.br\/wordpress\/index.php?rest_route=%2Fwp%2Fv2%2Fcomments&post=4367"}],"version-history":[{"count":1,"href":"http:\/\/www.portaliceb.org.br\/wordpress\/index.php?rest_route=\/wp\/v2\/posts\/4367\/revisions"}],"predecessor-version":[{"id":4368,"href":"http:\/\/www.portaliceb.org.br\/wordpress\/index.php?rest_route=\/wp\/v2\/posts\/4367\/revisions\/4368"}],"wp:attachment":[{"href":"http:\/\/www.portaliceb.org.br\/wordpress\/index.php?rest_route=%2Fwp%2Fv2%2Fmedia&parent=4367"}],"wp:term":[{"taxonomy":"category","embeddable":true,"href":"http:\/\/www.portaliceb.org.br\/wordpress\/index.php?rest_route=%2Fwp%2Fv2%2Fcategories&post=4367"},{"taxonomy":"post_tag","embeddable":true,"href":"http:\/\/www.portaliceb.org.br\/wordpress\/index.php?rest_route=%2Fwp%2Fv2%2Ftags&post=4367"}],"curies":[{"name":"wp","href":"https:\/\/api.w.org\/{rel}","templated":true}]}}