{"id":433,"date":"2013-01-06T00:19:52","date_gmt":"2013-01-06T03:19:52","guid":{"rendered":"http:\/\/www.portaliceb.org.br\/wordpress\/?p=433"},"modified":"2013-07-12T17:04:56","modified_gmt":"2013-07-12T20:04:56","slug":"internet-do-bem-downloads","status":"publish","type":"post","link":"http:\/\/www.portaliceb.org.br\/wordpress\/?p=433","title":{"rendered":"Internet do Bem &#8211; Downloads"},"content":{"rendered":"<p>:: INTERNET DO BEM \u2013 Programa\u00a0<strong>\u201cCultura Esp\u00edrita\u201d<\/strong>::<\/p>\n<p>Fa\u00e7a download das mensagens transmitidas no programa\u00a0<strong>\u201cCultura Esp\u00edrita\u201d<\/strong>, R\u00e1dio Rio de Janeiro, AM, freq\u00fc\u00eancia 1400 kHz.<\/p>\n<p>MENSAGENS DO M\u00caS DE JULHO<\/p>\n<p>A GRANDE VIAGEM DO ESP\u00cdRITO<br \/>\nCRIA\u00c7\u00c3O OU COINCID\u00caNCIA BIOL\u00d3GICA<br \/>\nA T\u00c1BUA DE PREGOS<br \/>\nA VISITA<br \/>\nHO\u2019OPONOPONO<\/p>\n<p>MENSAGEM DO M\u00caS DE JUNHO\/2013:<\/p>\n<p><span style=\"font-family: Arial; font-size: small;\">APRENDENDO A OLHAR<\/span><\/p>\n<p><span style=\"font-family: Arial; font-size: small;\">CURA ESPIRITUAL<\/span><\/p>\n<p><span style=\"font-family: Arial; font-size: small;\">CURA REAL<\/span><\/p>\n<p><span style=\"font-family: Arial; font-size: small;\">FILHOS<\/span><\/p>\n<p>MENSAGENS DO M\u00caS DE JANEIRO\/2013:<\/p>\n<p><a href=\"http:\/\/www.portaliceb.org.br\/wordpress\/wp-content\/uploads\/2013\/03\/Aconchego.pps\">Aconchego <\/a><\/p>\n<p><a href=\"http:\/\/www.portaliceb.org.br\/wordpress\/wp-content\/uploads\/2011\/12\/sua_marca.pps\">Sua Marca <\/a><\/p>\n<p><a href=\"http:\/\/www.portaliceb.org.br\/wordpress\/wp-content\/uploads\/2011\/12\/Quem_faz_voce_feliz_.pps\">Quem faz voc\u00ea feliz <\/a><\/p>\n<p><a href=\"http:\/\/www.portaliceb.org.br\/wordpress\/wp-content\/uploads\/2011\/12\/PERFEITO.pps\">Perfeito <\/a><a href=\"http:\/\/www.portaliceb.org.br\/wordpress\/wp-content\/uploads\/2011\/12\/Crystal-Chico-Xavier-Fardos1.pps\">Crystal \u2013 Chico Xavier \u2013 <\/a><\/p>\n<p><a href=\"http:\/\/www.portaliceb.org.br\/wordpress\/wp-content\/uploads\/2011\/12\/Crystal-Chico-Xavier-Fardos1.pps\">Fardos<\/a><\/p>\n<p>&nbsp;<\/p>\n","protected":false},"excerpt":{"rendered":"<p>:: INTERNET DO BEM \u2013 Programa\u00a0\u201cCultura Esp\u00edrita\u201d:: Fa\u00e7a download das mensagens transmitidas no programa\u00a0\u201cCultura Esp\u00edrita\u201d, R\u00e1dio Rio de Janeiro, AM, freq\u00fc\u00eancia 1400 kHz. MENSAGENS DO M\u00caS DE JULHO A GRANDE VIAGEM DO ESP\u00cdRITO CRIA\u00c7\u00c3O OU COINCID\u00caNCIA BIOL\u00d3GICA A T\u00c1BUA DE PREGOS A VISITA HO\u2019OPONOPONO MENSAGEM DO M\u00caS DE JUNHO\/2013: APRENDENDO A OLHAR CURA ESPIRITUAL CURA [&hellip;]<\/p>\n","protected":false},"author":1,"featured_media":0,"comment_status":"closed","ping_status":"closed","sticky":false,"template":"","format":"standard","meta":{"footnotes":""},"categories":[24,27,1],"tags":[59,55,60,58,56,57],"class_list":["post-433","post","type-post","status-publish","format-standard","hentry","category-pps-internet-do-bem","category-programas-da-radio-cultura-espirita","category-ultimas-noticias","tag-downloads","tag-internet-do-bem","tag-mensagens-reflexivas","tag-pps","tag-radio-iceb","tag-radio-rj"],"_links":{"self":[{"href":"http:\/\/www.portaliceb.org.br\/wordpress\/index.php?rest_route=\/wp\/v2\/posts\/433","targetHints":{"allow":["GET"]}}],"collection":[{"href":"http:\/\/www.portaliceb.org.br\/wordpress\/index.php?rest_route=\/wp\/v2\/posts"}],"about":[{"href":"http:\/\/www.portaliceb.org.br\/wordpress\/index.php?rest_route=\/wp\/v2\/types\/post"}],"author":[{"embeddable":true,"href":"http:\/\/www.portaliceb.org.br\/wordpress\/index.php?rest_route=\/wp\/v2\/users\/1"}],"replies":[{"embeddable":true,"href":"http:\/\/www.portaliceb.org.br\/wordpress\/index.php?rest_route=%2Fwp%2Fv2%2Fcomments&post=433"}],"version-history":[{"count":7,"href":"http:\/\/www.portaliceb.org.br\/wordpress\/index.php?rest_route=\/wp\/v2\/posts\/433\/revisions"}],"predecessor-version":[{"id":482,"href":"http:\/\/www.portaliceb.org.br\/wordpress\/index.php?rest_route=\/wp\/v2\/posts\/433\/revisions\/482"}],"wp:attachment":[{"href":"http:\/\/www.portaliceb.org.br\/wordpress\/index.php?rest_route=%2Fwp%2Fv2%2Fmedia&parent=433"}],"wp:term":[{"taxonomy":"category","embeddable":true,"href":"http:\/\/www.portaliceb.org.br\/wordpress\/index.php?rest_route=%2Fwp%2Fv2%2Fcategories&post=433"},{"taxonomy":"post_tag","embeddable":true,"href":"http:\/\/www.portaliceb.org.br\/wordpress\/index.php?rest_route=%2Fwp%2Fv2%2Ftags&post=433"}],"curies":[{"name":"wp","href":"https:\/\/api.w.org\/{rel}","templated":true}]}}