{"id":422,"date":"2013-03-07T00:57:48","date_gmt":"2013-03-07T03:57:48","guid":{"rendered":"http:\/\/www.portaliceb.org.br\/wordpress\/?p=422"},"modified":"2013-08-08T13:36:17","modified_gmt":"2013-08-08T16:36:17","slug":"agenda-marco2013-2","status":"publish","type":"post","link":"http:\/\/www.portaliceb.org.br\/wordpress\/?p=422","title":{"rendered":"Convite Especial &#8211; HOMENAGEM AO DR. JORGE ANDR\u00c9A PELOS SEUS 97 ANOS"},"content":{"rendered":"<blockquote>\n<p style=\"text-align: left;\" align=\"center\">Temos o imenso prazer de convidar a todos para um grande <b>Encontro Hist\u00f3rico<\/b> que acontecer\u00e1 no dia 10 de agosto de 2013, no Audit\u00f3rio do Grupo Esp\u00edrita Regenera\u00e7\u00e3o que se localiza na Rua<\/p>\n<p style=\"text-align: left;\" align=\"center\">S\u00e3o Francisco Xavier, n\u00b0 609 \u2013 Maracan\u00e3 \u2013 Rio de Janeiro, organizado pelo Instituto de Cultura Esp\u00edrita do Brasil. O evento come\u00e7ar\u00e1 a partir das 14h00 e trar\u00e1 como tema principal:<\/p>\n<p style=\"text-align: left;\" align=\"center\">\u201c<b>Homenagem ao dia em que Dr. Jorge Andr\u00e9a, escritor, psiquiatra, conferencista e Presidente honor\u00e1rio do ICEB, completar\u00e1 97 anos de idade pelo seu relevante trabalho prestado ao Movimento Esp\u00edrita no pa\u00eds<\/b>\u201d.<\/p>\n<p style=\"text-align: left;\" align=\"center\">A homenagem ser\u00e1 prestada pelo m\u00e9dico, coordenador e professor respons\u00e1vel pela Escola Internacional de Medicina e Espiritualidade da Uniesp\u00edrito, <b>Dr. S\u00e9rgio Felipe de Oliveira<\/b> que abordar\u00e1 temas relacionados \u00e0s obras, trajet\u00f3ria de vida e estudos da \u201cMedicina e Espiritualidade\u201d do Dr. Jorge Andr\u00e9a e ainda entregar\u00e1 o Diploma ao mesmo, conferindo-lhe o T\u00edtulo de <b>Professor Em\u00e9rito da Uniesp\u00edrito,<\/b> projeto da Funda\u00e7\u00e3o Esp\u00edrita Andr\u00e9 Luiz em parceria com o<\/p>\n<p style=\"text-align: left;\" align=\"center\">Centro Nosso Lar.<\/p>\n<p style=\"text-align: left;\" align=\"center\">Contamos com a presen\u00e7a de todos e informamos que a entrada \u00e9 franca.<\/p>\n<p style=\"text-align: left;\" align=\"center\">Att.<\/p>\n<p style=\"text-align: left;\" align=\"center\">Instituto de Cultura Esp\u00edrita do Brasil.<\/p>\n<\/blockquote>\n","protected":false},"excerpt":{"rendered":"<p>Temos o imenso prazer de convidar a todos para um grande Encontro Hist\u00f3rico que acontecer\u00e1 no dia 10 de agosto de 2013, no Audit\u00f3rio do Grupo Esp\u00edrita Regenera\u00e7\u00e3o que se localiza na Rua S\u00e3o Francisco Xavier, n\u00b0 609 \u2013 Maracan\u00e3 \u2013 Rio de Janeiro, organizado pelo Instituto de Cultura Esp\u00edrita do Brasil. O evento come\u00e7ar\u00e1 [&hellip;]<\/p>\n","protected":false},"author":1,"featured_media":0,"comment_status":"closed","ping_status":"closed","sticky":false,"template":"","format":"standard","meta":{"footnotes":""},"categories":[32,39,45,1],"tags":[42,81,44,41,40,43],"class_list":["post-422","post","type-post","status-publish","format-standard","hentry","category-agenda","category-cursos","category-palestras","category-ultimas-noticias","tag-ciencia","tag-cursos","tag-educacao","tag-filosofia","tag-palestras-espiritas","tag-religiao-espirita"],"_links":{"self":[{"href":"http:\/\/www.portaliceb.org.br\/wordpress\/index.php?rest_route=\/wp\/v2\/posts\/422","targetHints":{"allow":["GET"]}}],"collection":[{"href":"http:\/\/www.portaliceb.org.br\/wordpress\/index.php?rest_route=\/wp\/v2\/posts"}],"about":[{"href":"http:\/\/www.portaliceb.org.br\/wordpress\/index.php?rest_route=\/wp\/v2\/types\/post"}],"author":[{"embeddable":true,"href":"http:\/\/www.portaliceb.org.br\/wordpress\/index.php?rest_route=\/wp\/v2\/users\/1"}],"replies":[{"embeddable":true,"href":"http:\/\/www.portaliceb.org.br\/wordpress\/index.php?rest_route=%2Fwp%2Fv2%2Fcomments&post=422"}],"version-history":[{"count":20,"href":"http:\/\/www.portaliceb.org.br\/wordpress\/index.php?rest_route=\/wp\/v2\/posts\/422\/revisions"}],"predecessor-version":[{"id":477,"href":"http:\/\/www.portaliceb.org.br\/wordpress\/index.php?rest_route=\/wp\/v2\/posts\/422\/revisions\/477"}],"wp:attachment":[{"href":"http:\/\/www.portaliceb.org.br\/wordpress\/index.php?rest_route=%2Fwp%2Fv2%2Fmedia&parent=422"}],"wp:term":[{"taxonomy":"category","embeddable":true,"href":"http:\/\/www.portaliceb.org.br\/wordpress\/index.php?rest_route=%2Fwp%2Fv2%2Fcategories&post=422"},{"taxonomy":"post_tag","embeddable":true,"href":"http:\/\/www.portaliceb.org.br\/wordpress\/index.php?rest_route=%2Fwp%2Fv2%2Ftags&post=422"}],"curies":[{"name":"wp","href":"https:\/\/api.w.org\/{rel}","templated":true}]}}