{"id":1931,"date":"2019-09-09T10:11:12","date_gmt":"2019-09-09T13:11:12","guid":{"rendered":"http:\/\/www.portaliceb.org.br\/wordpress\/?p=1931"},"modified":"2019-09-09T10:11:12","modified_gmt":"2019-09-09T13:11:12","slug":"palestras-de-setembro-2019","status":"publish","type":"post","link":"http:\/\/www.portaliceb.org.br\/wordpress\/?p=1931","title":{"rendered":"PALESTRAS DE SETEMBRO 2019"},"content":{"rendered":"\n<h4><strong>Dia 14<\/strong><\/h4>\n\n\n\n<h4><strong>Luiz Eduardo Brand\u00e3o<\/strong> &#8211; \u201cEvolu\u00e7\u00e3o em Dois Mundos\u201d &#8211; 14:00 \u00e0s 15:15<\/h4>\n<h4><strong>Jorge Pio<\/strong> &#8211; Etologia e Espiritualidade &#8211; 15:45 \u00e0s 17:00<\/h4>\n\n<hr>\n\n\n\n<h4><strong>Dia 21<\/strong><\/h4>\n\n\n\n<h4><strong>Jos\u00e9 Henrique Rubim<\/strong> &#8211; &#8220;Pensamento de Joanna de \u00c2ngelis, Jung e Jorge Andr\u00e9a&#8221; &#8211; 14:00 \u00e0s 15:15<\/h4>\n<h4><strong>Rosa Martins<\/strong> &#8211; A f\u00e9 como sintonia &#8211; 15:45 \u00e0s 17:00<\/h4>\n\n<hr>\n\n\n\n<h4><strong>Dia 28<\/strong><\/h4>\n\n\n\n<h4><strong>Luzia Mathias<\/strong> &#8211; &#8220;Vida: Desafios e Solu\u00e7\u00f5es &#8211;  Joanna de Angelis&#8221; &#8211; 14:00 \u00e0s 15:15<\/h4>\n<h4><strong>Claudio Conti<\/strong> &#8211; Ci\u00eancia e Espiritualidade &#8211; 15:45 \u00e0s 17:00<\/h4>\n\n<hr>\n","protected":false},"excerpt":{"rendered":"<p>Dia 14 Luiz Eduardo Brand\u00e3o &#8211; \u201cEvolu\u00e7\u00e3o em Dois Mundos\u201d &#8211; 14:00 \u00e0s 15:15 Jorge Pio &#8211; Etologia e Espiritualidade &#8211; 15:45 \u00e0s 17:00 Dia 21 Jos\u00e9 Henrique Rubim &#8211; &#8220;Pensamento de Joanna de \u00c2ngelis, Jung e Jorge Andr\u00e9a&#8221; &#8211; 14:00 \u00e0s 15:15 Rosa Martins &#8211; A f\u00e9 como sintonia &#8211; 15:45 \u00e0s 17:00 Dia [&hellip;]<\/p>\n","protected":false},"author":1,"featured_media":0,"comment_status":"closed","ping_status":"closed","sticky":false,"template":"","format":"standard","meta":{"footnotes":""},"categories":[1],"tags":[],"class_list":["post-1931","post","type-post","status-publish","format-standard","hentry","category-ultimas-noticias"],"_links":{"self":[{"href":"http:\/\/www.portaliceb.org.br\/wordpress\/index.php?rest_route=\/wp\/v2\/posts\/1931","targetHints":{"allow":["GET"]}}],"collection":[{"href":"http:\/\/www.portaliceb.org.br\/wordpress\/index.php?rest_route=\/wp\/v2\/posts"}],"about":[{"href":"http:\/\/www.portaliceb.org.br\/wordpress\/index.php?rest_route=\/wp\/v2\/types\/post"}],"author":[{"embeddable":true,"href":"http:\/\/www.portaliceb.org.br\/wordpress\/index.php?rest_route=\/wp\/v2\/users\/1"}],"replies":[{"embeddable":true,"href":"http:\/\/www.portaliceb.org.br\/wordpress\/index.php?rest_route=%2Fwp%2Fv2%2Fcomments&post=1931"}],"version-history":[{"count":2,"href":"http:\/\/www.portaliceb.org.br\/wordpress\/index.php?rest_route=\/wp\/v2\/posts\/1931\/revisions"}],"predecessor-version":[{"id":1975,"href":"http:\/\/www.portaliceb.org.br\/wordpress\/index.php?rest_route=\/wp\/v2\/posts\/1931\/revisions\/1975"}],"wp:attachment":[{"href":"http:\/\/www.portaliceb.org.br\/wordpress\/index.php?rest_route=%2Fwp%2Fv2%2Fmedia&parent=1931"}],"wp:term":[{"taxonomy":"category","embeddable":true,"href":"http:\/\/www.portaliceb.org.br\/wordpress\/index.php?rest_route=%2Fwp%2Fv2%2Fcategories&post=1931"},{"taxonomy":"post_tag","embeddable":true,"href":"http:\/\/www.portaliceb.org.br\/wordpress\/index.php?rest_route=%2Fwp%2Fv2%2Ftags&post=1931"}],"curies":[{"name":"wp","href":"https:\/\/api.w.org\/{rel}","templated":true}]}}