{"id":1915,"date":"2019-07-29T14:43:29","date_gmt":"2019-07-29T17:43:29","guid":{"rendered":"http:\/\/www.portaliceb.org.br\/wordpress\/?p=1915"},"modified":"2019-08-15T09:13:24","modified_gmt":"2019-08-15T12:13:24","slug":"palestras-de-agosto-2019","status":"publish","type":"post","link":"http:\/\/www.portaliceb.org.br\/wordpress\/?p=1915","title":{"rendered":"PALESTRAS DE AGOSTO 2019"},"content":{"rendered":"\n<h4><strong>Dia 03<\/strong><\/h4>\n\n\n\n<h4><strong>Luzia Mathias<\/strong> &#8211; Vida Desafios e Solu\u00e7\u00f5es &#8211; Joanna de Angelis &#8211; 14:00 \u00e0s 15:15<\/h4>\n<h4><strong>Carmem Silveira<\/strong> &#8211; As muitas moradas &#8211; 15:45 \u00e0s 17:00<\/h4>\n\n<hr>\n\n\n\n<h4><strong>Dia 10<\/strong><\/h4>\n\n\n\n<h4><strong>Luiz Eduardo Brand\u00e3o<\/strong> &#8211; Evolu\u00e7\u00e3o em dois mundos &#8211; 14:00 \u00e0s 15:15<\/h4>\n<h4><strong>Jorge Pio<\/strong> &#8211; Das redes celulares \u00e0s sociedades humanas &#8211; 15:45 \u00e0s 17:00<\/h4>\n\n<hr>\n\n\n\n<h4><strong>Dia 17<\/strong><\/h4>\n\n\n\n<h4><strong>Jos\u00e9 H. Rubim<\/strong> &#8211; &#8220;Pensamento de Joanna de \u00c2ngelis, Jung e Jorge Andr\u00e9a&#8221; &#8211; 14:00 \u00e0s 15:15<\/h4>\n<h4><strong>Rosa Martins<\/strong> &#8211; O consolador prometido &#8211; 15:45 \u00e0s 17:00<\/h4>\n\n<hr>\n\n\n\n<h4><strong>Dia 24<\/strong><\/h4>\n\n\n\n<h4><strong>C\u00e9sar Reis<\/strong> &#8211; Tema Livre &#8211; 14:00 \u00e0s 15:15<\/h4>\n<h4><strong>Claudio Conti<\/strong> &#8211; Ci\u00eancia e espiritualidade &#8211; 15:45 \u00e0s 17:00<\/h4>\n\n<hr>\n\n\n\n<h4><strong>Dia 31<\/strong><\/h4>\n\n\n\n<h4><strong>Rafael Melsert<\/strong> &#8211; Biof\u00f3tons &#8211; 14:00 \u00e0s 17:00<\/h4>\n\n\n<hr>\n\n\n\n<h4><strong>Programa\u00e7\u00e3o do&nbsp;Segundo Semestre<\/strong><\/h4>\n<h4 style=\"color: red; font-size: 14px; font-family: verdana;\"><a style=\"text-decoration: none; color: #9acd32;\" href=\"https:\/\/drive.google.com\/open?id=1WGVTFH0Z6Mb56eIntj23lWTwwuBxA3e3\" target=\"_blank\" rel=\"noopener\"><strong>Clique aqui para a baixar a Programa\u00e7\u00e3o<\/strong><\/a><\/h4>\n","protected":false},"excerpt":{"rendered":"<p>Dia 03 Luzia Mathias &#8211; Vida Desafios e Solu\u00e7\u00f5es &#8211; Joanna de Angelis &#8211; 14:00 \u00e0s 15:15 Carmem Silveira &#8211; As muitas moradas &#8211; 15:45 \u00e0s 17:00 Dia 10 Luiz Eduardo Brand\u00e3o &#8211; Evolu\u00e7\u00e3o em dois mundos &#8211; 14:00 \u00e0s 15:15 Jorge Pio &#8211; Das redes celulares \u00e0s sociedades humanas &#8211; 15:45 \u00e0s 17:00 Dia [&hellip;]<\/p>\n","protected":false},"author":1,"featured_media":0,"comment_status":"closed","ping_status":"closed","sticky":false,"template":"","format":"standard","meta":{"footnotes":""},"categories":[1],"tags":[],"class_list":["post-1915","post","type-post","status-publish","format-standard","hentry","category-ultimas-noticias"],"_links":{"self":[{"href":"http:\/\/www.portaliceb.org.br\/wordpress\/index.php?rest_route=\/wp\/v2\/posts\/1915","targetHints":{"allow":["GET"]}}],"collection":[{"href":"http:\/\/www.portaliceb.org.br\/wordpress\/index.php?rest_route=\/wp\/v2\/posts"}],"about":[{"href":"http:\/\/www.portaliceb.org.br\/wordpress\/index.php?rest_route=\/wp\/v2\/types\/post"}],"author":[{"embeddable":true,"href":"http:\/\/www.portaliceb.org.br\/wordpress\/index.php?rest_route=\/wp\/v2\/users\/1"}],"replies":[{"embeddable":true,"href":"http:\/\/www.portaliceb.org.br\/wordpress\/index.php?rest_route=%2Fwp%2Fv2%2Fcomments&post=1915"}],"version-history":[{"count":7,"href":"http:\/\/www.portaliceb.org.br\/wordpress\/index.php?rest_route=\/wp\/v2\/posts\/1915\/revisions"}],"predecessor-version":[{"id":1928,"href":"http:\/\/www.portaliceb.org.br\/wordpress\/index.php?rest_route=\/wp\/v2\/posts\/1915\/revisions\/1928"}],"wp:attachment":[{"href":"http:\/\/www.portaliceb.org.br\/wordpress\/index.php?rest_route=%2Fwp%2Fv2%2Fmedia&parent=1915"}],"wp:term":[{"taxonomy":"category","embeddable":true,"href":"http:\/\/www.portaliceb.org.br\/wordpress\/index.php?rest_route=%2Fwp%2Fv2%2Fcategories&post=1915"},{"taxonomy":"post_tag","embeddable":true,"href":"http:\/\/www.portaliceb.org.br\/wordpress\/index.php?rest_route=%2Fwp%2Fv2%2Ftags&post=1915"}],"curies":[{"name":"wp","href":"https:\/\/api.w.org\/{rel}","templated":true}]}}