{"id":1301,"date":"2019-06-15T13:18:51","date_gmt":"2019-06-15T16:18:51","guid":{"rendered":"http:\/\/www.portaliceb.org.br\/wordpress\/?p=1301"},"modified":"2019-06-27T09:32:35","modified_gmt":"2019-06-27T12:32:35","slug":"palestras-de-junho-2019","status":"publish","type":"post","link":"http:\/\/www.portaliceb.org.br\/wordpress\/?p=1301","title":{"rendered":"PALESTRAS DE JUNHO 2019"},"content":{"rendered":"\n<h4><strong>Dia 01<\/strong><\/h4>\n\n\n\n<h4><strong>Tatiane<\/strong> &#8211; Alteridade a diferen\u00e7a que soma &#8211; 14:00 \u00e0s 15:15<\/h4>\n<h4><strong>Ivan Tauil<\/strong> &#8211; Educar para ser um homem de bem &#8211; 15:45 \u00e0s 17:00<\/h4>\n\n<hr>\n\n\n\n<h4><strong>Dia 08<\/strong><\/h4>\n\n\n\n<h4><strong>Eduardo Brand\u00e3o<\/strong> &#8211; Evolu\u00e7\u00e3o em dois mundos &#8211; 14:00 \u00e0s 15:15<\/h4>\n<h4><strong>Arleir Bellieny<\/strong> &#8211; Tema Livre &#8211; 15:45 \u00e0s 17:00<\/h4>\n\n<hr>\n\n\n\n<h4><strong>Dia 15<\/strong><\/h4>\n\n\n\n<h4><strong>Jos\u00e9 H. Rubim<\/strong> &#8211; &#8220;Pensamento de Joanna de \u00c2ngelis, Jung e Jorge Andr\u00e9a&#8221; &#8211; 14:00 \u00e0s 15:15<\/h4>\n<h4><strong>Jos\u00e9 H. Rubim<\/strong> &#8211; C\u00e9rebro-Mente a pineal como antena dupla &#8211; 15:45 \u00e0s 17:00<\/h4>\n\n<hr>\n\n\n\n<h4><strong>Dia 22<\/strong><\/h4>\n\n\n\n<h4><strong>N\u00e3o haver\u00e1 palestra.<\/strong><\/h4>\n\n\n<hr>\n\n\n\n<h4><strong>Dia 29<\/strong><\/h4>\n\n\n\n<h4><strong>Arleir Bellieny<\/strong> &#8211; Tema Livre &#8211; 14:00 \u00e0s 17:00<\/h4>\n\n\n<hr>\n","protected":false},"excerpt":{"rendered":"<p>Dia 01 Tatiane &#8211; Alteridade a diferen\u00e7a que soma &#8211; 14:00 \u00e0s 15:15 Ivan Tauil &#8211; Educar para ser um homem de bem &#8211; 15:45 \u00e0s 17:00 Dia 08 Eduardo Brand\u00e3o &#8211; Evolu\u00e7\u00e3o em dois mundos &#8211; 14:00 \u00e0s 15:15 Arleir Bellieny &#8211; Tema Livre &#8211; 15:45 \u00e0s 17:00 Dia 15 Jos\u00e9 H. Rubim &#8211; [&hellip;]<\/p>\n","protected":false},"author":1,"featured_media":0,"comment_status":"closed","ping_status":"closed","sticky":false,"template":"","format":"standard","meta":{"footnotes":""},"categories":[1],"tags":[],"class_list":["post-1301","post","type-post","status-publish","format-standard","hentry","category-ultimas-noticias"],"_links":{"self":[{"href":"http:\/\/www.portaliceb.org.br\/wordpress\/index.php?rest_route=\/wp\/v2\/posts\/1301","targetHints":{"allow":["GET"]}}],"collection":[{"href":"http:\/\/www.portaliceb.org.br\/wordpress\/index.php?rest_route=\/wp\/v2\/posts"}],"about":[{"href":"http:\/\/www.portaliceb.org.br\/wordpress\/index.php?rest_route=\/wp\/v2\/types\/post"}],"author":[{"embeddable":true,"href":"http:\/\/www.portaliceb.org.br\/wordpress\/index.php?rest_route=\/wp\/v2\/users\/1"}],"replies":[{"embeddable":true,"href":"http:\/\/www.portaliceb.org.br\/wordpress\/index.php?rest_route=%2Fwp%2Fv2%2Fcomments&post=1301"}],"version-history":[{"count":6,"href":"http:\/\/www.portaliceb.org.br\/wordpress\/index.php?rest_route=\/wp\/v2\/posts\/1301\/revisions"}],"predecessor-version":[{"id":1309,"href":"http:\/\/www.portaliceb.org.br\/wordpress\/index.php?rest_route=\/wp\/v2\/posts\/1301\/revisions\/1309"}],"wp:attachment":[{"href":"http:\/\/www.portaliceb.org.br\/wordpress\/index.php?rest_route=%2Fwp%2Fv2%2Fmedia&parent=1301"}],"wp:term":[{"taxonomy":"category","embeddable":true,"href":"http:\/\/www.portaliceb.org.br\/wordpress\/index.php?rest_route=%2Fwp%2Fv2%2Fcategories&post=1301"},{"taxonomy":"post_tag","embeddable":true,"href":"http:\/\/www.portaliceb.org.br\/wordpress\/index.php?rest_route=%2Fwp%2Fv2%2Ftags&post=1301"}],"curies":[{"name":"wp","href":"https:\/\/api.w.org\/{rel}","templated":true}]}}