{"id":1289,"date":"2019-04-29T14:56:20","date_gmt":"2019-04-29T17:56:20","guid":{"rendered":"http:\/\/www.portaliceb.org.br\/wordpress\/?p=1289"},"modified":"2019-04-29T14:57:34","modified_gmt":"2019-04-29T17:57:34","slug":"palestras-de-maio-2019","status":"publish","type":"post","link":"http:\/\/www.portaliceb.org.br\/wordpress\/?p=1289","title":{"rendered":"PALESTRAS DE MAIO 2019"},"content":{"rendered":"\n<h4 class=\"wp-block-heading\"><strong>Dia&nbsp;04<\/strong><\/h4>\n\n\n\n<h4><strong>Tatiane<\/strong>&#8211; Obriga\u00e7\u00e3o Moral-benefici\u00eancia e distributividadade &#8211; 14:00 \u00e0s 15:15<\/h4>\n<h4><strong>Ivan Tauil<\/strong> &#8211; Lei de Progresso e uma nova Ordem Social &#8211; 15:45 \u00e0s 17:00<\/h4>\n\n<hr>\n\n\n\n\n<h4><strong>Dia&nbsp;11<\/strong><\/h4>\n\n\n\n<h4><strong>Luiz Eduardo Brand\u00e3o<\/strong> &#8211; \u201cEvolucao em Dois Mundos\u201d &#8211; 14:00 \u00e0s 15:15<\/h4>\n<h4><strong>Claudio Conti<\/strong> &#8211; Ci\u00eancia e Espiritualidade &#8211; 15:45 \u00e0s 17:00<\/h4>\n\n<hr>\n\n\n\n<h4 class=\"wp-block-heading\"><strong>Dia&nbsp;18<\/strong><\/h4>\n\n\n\n<h4><strong>Jos\u00e9 Henrique Rubim<\/strong> &#8211; &#8220;Pensamento de Joanna de \u00c2ngelis, Jung e Jorge Andr\u00e9a&#8221; &#8211; 14:00 \u00e0s 15:15<\/h4>\n<h4><strong>Jos\u00e9 Henrique Rubim<\/strong> &#8211; C\u00e9lulas-Comunidade que vive e convive em Harmonia &#8211; 15:45 \u00e0s 17:00<\/h4>\n\n<hr>\n\n\n\n\n<h4 class=\"wp-block-heading\"><strong>Dia&nbsp;25<\/strong><\/h4>\n\n\n\n<h4><strong>Luzia Mathias<\/strong> &#8211; &#8220;Vida: Desafios e Solu\u00e7\u00f5es-Joanna de Angelis&#8221; &#8211; 14:00 \u00e0s 15:15<\/h4>\n<h4><strong>Claudio Conti<\/strong> &#8211; Ci\u00eancia e Espiritualidade &#8211; 15:45 \u00e0s 17:00<\/h4>\n\n<hr>\n\n\n\n<h4><strong>Programa\u00e7\u00e3o do&nbsp;Primeiro Semestre<\/strong><\/h4>\n<h4><a href=\"https:\/\/drive.google.com\/open?id=1u_rhl2RVFGJsTuneAzwtG6UHIdINsjd8\" target=\"_blank\" rel=\"noreferrer noopener\"><strong>Clique aqui para a baixara Programa\u00e7\u00e3o<\/strong><\/a><\/h4>\n","protected":false},"excerpt":{"rendered":"<p>Dia&nbsp;04 Tatiane&#8211; Obriga\u00e7\u00e3o Moral-benefici\u00eancia e distributividadade &#8211; 14:00 \u00e0s 15:15 Ivan Tauil &#8211; Lei de Progresso e uma nova Ordem Social &#8211; 15:45 \u00e0s 17:00 Dia&nbsp;11 Luiz Eduardo Brand\u00e3o &#8211; \u201cEvolucao em Dois Mundos\u201d &#8211; 14:00 \u00e0s 15:15 Claudio Conti &#8211; Ci\u00eancia e Espiritualidade &#8211; 15:45 \u00e0s 17:00 Dia&nbsp;18 Jos\u00e9 Henrique Rubim &#8211; &#8220;Pensamento de [&hellip;]<\/p>\n","protected":false},"author":1,"featured_media":0,"comment_status":"closed","ping_status":"closed","sticky":false,"template":"","format":"standard","meta":{"footnotes":""},"categories":[1],"tags":[],"class_list":["post-1289","post","type-post","status-publish","format-standard","hentry","category-ultimas-noticias"],"_links":{"self":[{"href":"http:\/\/www.portaliceb.org.br\/wordpress\/index.php?rest_route=\/wp\/v2\/posts\/1289","targetHints":{"allow":["GET"]}}],"collection":[{"href":"http:\/\/www.portaliceb.org.br\/wordpress\/index.php?rest_route=\/wp\/v2\/posts"}],"about":[{"href":"http:\/\/www.portaliceb.org.br\/wordpress\/index.php?rest_route=\/wp\/v2\/types\/post"}],"author":[{"embeddable":true,"href":"http:\/\/www.portaliceb.org.br\/wordpress\/index.php?rest_route=\/wp\/v2\/users\/1"}],"replies":[{"embeddable":true,"href":"http:\/\/www.portaliceb.org.br\/wordpress\/index.php?rest_route=%2Fwp%2Fv2%2Fcomments&post=1289"}],"version-history":[{"count":9,"href":"http:\/\/www.portaliceb.org.br\/wordpress\/index.php?rest_route=\/wp\/v2\/posts\/1289\/revisions"}],"predecessor-version":[{"id":1299,"href":"http:\/\/www.portaliceb.org.br\/wordpress\/index.php?rest_route=\/wp\/v2\/posts\/1289\/revisions\/1299"}],"wp:attachment":[{"href":"http:\/\/www.portaliceb.org.br\/wordpress\/index.php?rest_route=%2Fwp%2Fv2%2Fmedia&parent=1289"}],"wp:term":[{"taxonomy":"category","embeddable":true,"href":"http:\/\/www.portaliceb.org.br\/wordpress\/index.php?rest_route=%2Fwp%2Fv2%2Fcategories&post=1289"},{"taxonomy":"post_tag","embeddable":true,"href":"http:\/\/www.portaliceb.org.br\/wordpress\/index.php?rest_route=%2Fwp%2Fv2%2Ftags&post=1289"}],"curies":[{"name":"wp","href":"https:\/\/api.w.org\/{rel}","templated":true}]}}