{"id":1283,"date":"2019-04-08T11:22:44","date_gmt":"2019-04-08T14:22:44","guid":{"rendered":"http:\/\/www.portaliceb.org.br\/wordpress\/?p=1283"},"modified":"2019-04-08T11:22:44","modified_gmt":"2019-04-08T14:22:44","slug":"palestras-de-abril-2019","status":"publish","type":"post","link":"http:\/\/www.portaliceb.org.br\/wordpress\/?p=1283","title":{"rendered":"PALESTRAS DE ABRIL 2019"},"content":{"rendered":"\n<h4 class=\"wp-block-heading\"><strong>Dia&nbsp;06<\/strong><\/h4>\n\n\n\n<h4 class=\"wp-block-heading\"><strong>Arleir Bellieny <\/strong>&#8211; O Ser, o Destino e a Dor &#8211; 14:00 \u00e0s 15:15<\/h4>\n\n\n\n<h4 class=\"wp-block-heading\"><strong>Ivan Tauil<\/strong> &#8211; Lei da Sociedade-Vida de Rela\u00e7\u00e3o &#8211; 15:45 \u00e0s 17:00<\/h4>\n\n\n\n<hr class=\"wp-block-separator\"\/>\n\n\n\n<h4 class=\"wp-block-heading\"><strong>Dia&nbsp;13<\/strong><\/h4>\n\n\n\n<h4 class=\"wp-block-heading\"><strong>Luiz Eduardo Brand\u00e3o <\/strong> &#8211; \u201cEvolucao em Dois Mundos\u201d &#8211; 14:00 \u00e0s 15:15<\/h4>\n\n\n\n<h4 class=\"wp-block-heading\"><strong>Tatiane Bellieny<\/strong> &#8211; Livre Arb\u00edtrio e a Lei de Causa e Efeito &#8211; 15:45 \u00e0s 17:00<\/h4>\n\n\n\n<hr class=\"wp-block-separator\"\/>\n\n\n\n<h4 class=\"wp-block-heading\"><strong>Dia&nbsp;27<\/strong><\/h4>\n\n\n\n<h4 class=\"wp-block-heading\"><strong>Luzia Mathias<\/strong> &#8211; Livre Arb\u00edtrio e a Lei de Causa e Efeito &#8211; 14:00 \u00e0s 15:15<\/h4>\n\n\n\n<h4 class=\"wp-block-heading\"><strong>Claudio Conti<\/strong> &#8211; Ci\u00eancia e espiritualidade &#8211; 15:45 \u00e0s 17:00<\/h4>\n\n\n\n<hr class=\"wp-block-separator\"\/>\n\n\n\n<h4 class=\"wp-block-heading\"><strong>Programa\u00e7\u00e3o do&nbsp;Primeiro Semestre<\/strong><\/h4>\n\n\n\n<h4 class=\"wp-block-heading\"><a href=\"https:\/\/drive.google.com\/open?id=1u_rhl2RVFGJsTuneAzwtG6UHIdINsjd8\" target=\"_blank\" rel=\"noreferrer noopener\"><strong>Clique aqui para a baixara Programa\u00e7\u00e3o<\/strong><\/a><\/h4>\n","protected":false},"excerpt":{"rendered":"<p>Dia&nbsp;06 Arleir Bellieny &#8211; O Ser, o Destino e a Dor &#8211; 14:00 \u00e0s 15:15 Ivan Tauil &#8211; Lei da Sociedade-Vida de Rela\u00e7\u00e3o &#8211; 15:45 \u00e0s 17:00 Dia&nbsp;13 Luiz Eduardo Brand\u00e3o &#8211; \u201cEvolucao em Dois Mundos\u201d &#8211; 14:00 \u00e0s 15:15 Tatiane Bellieny &#8211; Livre Arb\u00edtrio e a Lei de Causa e Efeito &#8211; 15:45 \u00e0s [&hellip;]<\/p>\n","protected":false},"author":1,"featured_media":0,"comment_status":"closed","ping_status":"closed","sticky":false,"template":"","format":"standard","meta":{"footnotes":""},"categories":[1],"tags":[],"class_list":["post-1283","post","type-post","status-publish","format-standard","hentry","category-ultimas-noticias"],"_links":{"self":[{"href":"http:\/\/www.portaliceb.org.br\/wordpress\/index.php?rest_route=\/wp\/v2\/posts\/1283","targetHints":{"allow":["GET"]}}],"collection":[{"href":"http:\/\/www.portaliceb.org.br\/wordpress\/index.php?rest_route=\/wp\/v2\/posts"}],"about":[{"href":"http:\/\/www.portaliceb.org.br\/wordpress\/index.php?rest_route=\/wp\/v2\/types\/post"}],"author":[{"embeddable":true,"href":"http:\/\/www.portaliceb.org.br\/wordpress\/index.php?rest_route=\/wp\/v2\/users\/1"}],"replies":[{"embeddable":true,"href":"http:\/\/www.portaliceb.org.br\/wordpress\/index.php?rest_route=%2Fwp%2Fv2%2Fcomments&post=1283"}],"version-history":[{"count":2,"href":"http:\/\/www.portaliceb.org.br\/wordpress\/index.php?rest_route=\/wp\/v2\/posts\/1283\/revisions"}],"predecessor-version":[{"id":1288,"href":"http:\/\/www.portaliceb.org.br\/wordpress\/index.php?rest_route=\/wp\/v2\/posts\/1283\/revisions\/1288"}],"wp:attachment":[{"href":"http:\/\/www.portaliceb.org.br\/wordpress\/index.php?rest_route=%2Fwp%2Fv2%2Fmedia&parent=1283"}],"wp:term":[{"taxonomy":"category","embeddable":true,"href":"http:\/\/www.portaliceb.org.br\/wordpress\/index.php?rest_route=%2Fwp%2Fv2%2Fcategories&post=1283"},{"taxonomy":"post_tag","embeddable":true,"href":"http:\/\/www.portaliceb.org.br\/wordpress\/index.php?rest_route=%2Fwp%2Fv2%2Ftags&post=1283"}],"curies":[{"name":"wp","href":"https:\/\/api.w.org\/{rel}","templated":true}]}}