{"id":1270,"date":"2019-02-19T11:03:31","date_gmt":"2019-02-19T14:03:31","guid":{"rendered":"http:\/\/www.portaliceb.org.br\/wordpress\/?p=1270"},"modified":"2019-02-19T11:10:58","modified_gmt":"2019-02-19T14:10:58","slug":"palestras-de-marco-2019","status":"publish","type":"post","link":"http:\/\/www.portaliceb.org.br\/wordpress\/?p=1270","title":{"rendered":"PALESTRAS DE MAR\u00c7O 2019"},"content":{"rendered":"\n<h4><strong>Dia\u00a016<\/strong><\/h4>\n<h4><strong>Carmem Silveira<\/strong> &#8211; Aula Inaugural &#8211; 14:00 \u00e0s 15:15<\/h4>\n<h4><strong>Teltz Farias<\/strong> &#8211; Aula Inaugural &#8211; 15:45 \u00e0s 17:00<\/h4>\n<hr \/>\n<h4><strong>Dia\u00a023<\/strong><\/h4>\n<h4><strong>Luzia Mathias <\/strong>&#8211; &#8220;Vida: Desafios e Solu\u00e7\u00f5es-Joanna de Angelis&#8221; &#8211; 14:00 \u00e0s 15:15<\/h4>\n<h4><strong>Claudio Conti<\/strong> &#8211; Ci\u00ebncia e Espiritualidade &#8211; 15:45 \u00e0s 17:00<\/h4>\n\n<hr \/>\n<h4><strong>Dia\u00a030<\/strong><\/h4>\n<h4><strong>Arleir Bellieny <\/strong>&#8211; Preparando a reencarna\u00e7\u00e3o &#8211; 14:00 \u00e0s 15:15<\/h4>\n<h4><strong>Arleir Bellieny<\/strong> &#8211; Vida na Erraticidade &#8211; 15:45 \u00e0s 17:00<\/h4>\n<hr \/>\n<h4><strong>Programa\u00e7\u00e3o do\u00a0Primeiro Semestre<\/strong><\/h4>\n<h4 style=\"color: red; font-size: 14px; font-family: verdana;\"><a style=\"text-decoration: none; color: #9acd32;\" href=\"https:\/\/drive.google.com\/open?id=1u_rhl2RVFGJsTuneAzwtG6UHIdINsjd8\" target=\"_blank\" rel=\"noopener\"><strong>Clique aqui para a baixara Programa\u00e7\u00e3o<\/strong><\/a><\/h4>\n","protected":false},"excerpt":{"rendered":"<p>Dia\u00a016 Carmem Silveira &#8211; Aula Inaugural &#8211; 14:00 \u00e0s 15:15 Teltz Farias &#8211; Aula Inaugural &#8211; 15:45 \u00e0s 17:00 Dia\u00a023 Luzia Mathias &#8211; &#8220;Vida: Desafios e Solu\u00e7\u00f5es-Joanna de Angelis&#8221; &#8211; 14:00 \u00e0s 15:15 Claudio Conti &#8211; Ci\u00ebncia e Espiritualidade &#8211; 15:45 \u00e0s 17:00 Dia\u00a030 Arleir Bellieny &#8211; Preparando a reencarna\u00e7\u00e3o &#8211; 14:00 \u00e0s 15:15 Arleir [&hellip;]<\/p>\n","protected":false},"author":1,"featured_media":0,"comment_status":"closed","ping_status":"closed","sticky":false,"template":"","format":"standard","meta":{"footnotes":""},"categories":[1],"tags":[],"class_list":["post-1270","post","type-post","status-publish","format-standard","hentry","category-ultimas-noticias"],"_links":{"self":[{"href":"http:\/\/www.portaliceb.org.br\/wordpress\/index.php?rest_route=\/wp\/v2\/posts\/1270","targetHints":{"allow":["GET"]}}],"collection":[{"href":"http:\/\/www.portaliceb.org.br\/wordpress\/index.php?rest_route=\/wp\/v2\/posts"}],"about":[{"href":"http:\/\/www.portaliceb.org.br\/wordpress\/index.php?rest_route=\/wp\/v2\/types\/post"}],"author":[{"embeddable":true,"href":"http:\/\/www.portaliceb.org.br\/wordpress\/index.php?rest_route=\/wp\/v2\/users\/1"}],"replies":[{"embeddable":true,"href":"http:\/\/www.portaliceb.org.br\/wordpress\/index.php?rest_route=%2Fwp%2Fv2%2Fcomments&post=1270"}],"version-history":[{"count":9,"href":"http:\/\/www.portaliceb.org.br\/wordpress\/index.php?rest_route=\/wp\/v2\/posts\/1270\/revisions"}],"predecessor-version":[{"id":1279,"href":"http:\/\/www.portaliceb.org.br\/wordpress\/index.php?rest_route=\/wp\/v2\/posts\/1270\/revisions\/1279"}],"wp:attachment":[{"href":"http:\/\/www.portaliceb.org.br\/wordpress\/index.php?rest_route=%2Fwp%2Fv2%2Fmedia&parent=1270"}],"wp:term":[{"taxonomy":"category","embeddable":true,"href":"http:\/\/www.portaliceb.org.br\/wordpress\/index.php?rest_route=%2Fwp%2Fv2%2Fcategories&post=1270"},{"taxonomy":"post_tag","embeddable":true,"href":"http:\/\/www.portaliceb.org.br\/wordpress\/index.php?rest_route=%2Fwp%2Fv2%2Ftags&post=1270"}],"curies":[{"name":"wp","href":"https:\/\/api.w.org\/{rel}","templated":true}]}}