{"id":1227,"date":"2018-10-30T13:19:55","date_gmt":"2018-10-30T16:19:55","guid":{"rendered":"http:\/\/www.portaliceb.org.br\/wordpress\/?p=1227"},"modified":"2018-10-30T13:19:55","modified_gmt":"2018-10-30T16:19:55","slug":"palestras-de-novembro-2018","status":"publish","type":"post","link":"http:\/\/www.portaliceb.org.br\/wordpress\/?p=1227","title":{"rendered":"PALESTRAS DE NOVEMBRO 2018"},"content":{"rendered":"<h4><strong>Dia\u00a003<\/strong><\/h4>\n<h4><strong>Feriado dia 02<\/strong><\/h4>\n<hr \/>\n<h4><strong>Dia\u00a010<\/strong><\/h4>\n<h4><strong>Luiz Eduardo Brand\u00e3o <\/strong>&#8211; \u201cEvolu\u00e7\u00e3o em Dois Mundos\u201d &#8211; 14:00 \u00e0s 15:15<\/h4>\n<h4><strong>Arleir Bellieny<\/strong> &#8211; Preven\u00e7\u00e3o do Suicidio &#8211; 15:45 \u00e0s 17:00<\/h4>\n<hr \/>\n<h4><strong>Dia\u00a017<\/strong><\/h4>\n<h4><strong>Rosa Martins\u00a0<\/strong>&#8211; O amor &#8211; de Francisco de Assis a Francisco C Xavier &#8211; 14:00 \u00e0s 15:15<\/h4>\n<h4><strong>Assaruhy Franco<\/strong> &#8211; Vida Feiz &#8211; Normatiza\u00e7\u00e3o &#8211; 15:45 \u00e0s 17:00<\/h4>\n<hr \/>\n<h4><strong>Dia\u00a024<\/strong><\/h4>\n<h4><strong>Semin\u00e1rio<\/strong> &#8211; 14:00 \u00e0s 15:15<\/h4>\n<hr \/>\n<h4><strong>Programa\u00e7\u00e3o do\u00a0Segundo Semestre<\/strong><\/h4>\n<h4 style=\"color: red; font-size: 14px; font-family: verdana;\"><a style=\"text-decoration: none; color: #9acd32;\" href=\"https:\/\/drive.google.com\/open?id=1a3bkvujC_gXuVZ3lyCpPITWBpZIsaO3o\" target=\"_blank\"><strong>Clique aqui para a baixara Programa\u00e7\u00e3o<\/strong><\/a><\/h4>\n","protected":false},"excerpt":{"rendered":"<p>Dia\u00a003 Feriado dia 02 Dia\u00a010 Luiz Eduardo Brand\u00e3o &#8211; \u201cEvolu\u00e7\u00e3o em Dois Mundos\u201d &#8211; 14:00 \u00e0s 15:15 Arleir Bellieny &#8211; Preven\u00e7\u00e3o do Suicidio &#8211; 15:45 \u00e0s 17:00 Dia\u00a017 Rosa Martins\u00a0&#8211; O amor &#8211; de Francisco de Assis a Francisco C Xavier &#8211; 14:00 \u00e0s 15:15 Assaruhy Franco &#8211; Vida Feiz &#8211; Normatiza\u00e7\u00e3o &#8211; 15:45 \u00e0s [&hellip;]<\/p>\n","protected":false},"author":1,"featured_media":0,"comment_status":"closed","ping_status":"closed","sticky":false,"template":"","format":"standard","meta":{"footnotes":""},"categories":[1],"tags":[],"class_list":["post-1227","post","type-post","status-publish","format-standard","hentry","category-ultimas-noticias"],"_links":{"self":[{"href":"http:\/\/www.portaliceb.org.br\/wordpress\/index.php?rest_route=\/wp\/v2\/posts\/1227","targetHints":{"allow":["GET"]}}],"collection":[{"href":"http:\/\/www.portaliceb.org.br\/wordpress\/index.php?rest_route=\/wp\/v2\/posts"}],"about":[{"href":"http:\/\/www.portaliceb.org.br\/wordpress\/index.php?rest_route=\/wp\/v2\/types\/post"}],"author":[{"embeddable":true,"href":"http:\/\/www.portaliceb.org.br\/wordpress\/index.php?rest_route=\/wp\/v2\/users\/1"}],"replies":[{"embeddable":true,"href":"http:\/\/www.portaliceb.org.br\/wordpress\/index.php?rest_route=%2Fwp%2Fv2%2Fcomments&post=1227"}],"version-history":[{"count":1,"href":"http:\/\/www.portaliceb.org.br\/wordpress\/index.php?rest_route=\/wp\/v2\/posts\/1227\/revisions"}],"predecessor-version":[{"id":1228,"href":"http:\/\/www.portaliceb.org.br\/wordpress\/index.php?rest_route=\/wp\/v2\/posts\/1227\/revisions\/1228"}],"wp:attachment":[{"href":"http:\/\/www.portaliceb.org.br\/wordpress\/index.php?rest_route=%2Fwp%2Fv2%2Fmedia&parent=1227"}],"wp:term":[{"taxonomy":"category","embeddable":true,"href":"http:\/\/www.portaliceb.org.br\/wordpress\/index.php?rest_route=%2Fwp%2Fv2%2Fcategories&post=1227"},{"taxonomy":"post_tag","embeddable":true,"href":"http:\/\/www.portaliceb.org.br\/wordpress\/index.php?rest_route=%2Fwp%2Fv2%2Ftags&post=1227"}],"curies":[{"name":"wp","href":"https:\/\/api.w.org\/{rel}","templated":true}]}}