{"id":1224,"date":"2018-10-16T09:38:33","date_gmt":"2018-10-16T12:38:33","guid":{"rendered":"http:\/\/www.portaliceb.org.br\/wordpress\/?p=1224"},"modified":"2018-10-16T09:38:33","modified_gmt":"2018-10-16T12:38:33","slug":"palestras-de-outubro-2018","status":"publish","type":"post","link":"http:\/\/www.portaliceb.org.br\/wordpress\/?p=1224","title":{"rendered":"PALESTRAS DE OUTUBRO 2018"},"content":{"rendered":"<h4><strong>Dia\u00a006<\/strong><\/h4>\n<h4><strong>Cesar Reis<\/strong> &#8211; Os valores da minha vida-O Poder das Escolhas &#8211; 14:00 \u00e0s 15:15<\/h4>\n<h4>Assaruhy\u00a0 Franco &#8211; \u00c9tica espirita no dia-a-dia &#8211; 15:45 \u00e0s 17:00<\/h4>\n<hr \/>\n<h4><strong>Dia\u00a013<\/strong><\/h4>\n<h4><strong>Feriado Nossa Senhora Aparecida 12 de outubro<\/strong><\/h4>\n<hr \/>\n<h4><strong>Dia\u00a020<\/strong><\/h4>\n<h4><strong>Jos\u00e9 Henrique Rubim <\/strong>&#8211; &#8220;Pensamento de Joanna de \u00c2ngelis, Jung e Jorge Andr\u00e9a&#8221; &#8211; 14:00 \u00e0s 15:15<\/h4>\n<h4><strong>Jos\u00e9 Henrique Rubim<\/strong> &#8211; M\u00e9todos espiritas de cura &#8211; 15:45 \u00e0s 17:00<\/h4>\n<hr \/>\n<h4><strong>Dia\u00a027<\/strong><\/h4>\n<h4><strong>Luzia Mathias<\/strong> &#8211; &#8220;Vida: Desafios e Solu\u00e7\u00f5es &#8211;\u00a0 Joanna de Angelis&#8221; &#8211; 14:00 \u00e0s 15:15<\/h4>\n<h4><strong>Claudio Conti<\/strong> &#8211; Ci\u00eancia e Espiritualidade &#8211; 15:45 \u00e0s 17:00<\/h4>\n<hr \/>\n<h4><strong>Programa\u00e7\u00e3o do\u00a0Segundo Semestre<\/strong><\/h4>\n<h4 style=\"color: red; font-size: 14px; font-family: verdana;\"><a style=\"text-decoration: none; color: #9acd32;\" href=\"https:\/\/drive.google.com\/open?id=1yj-tMCwgTdIwGxo-Y2b3b5W3EXFsSeJs\" target=\"_blank\"><strong>Clique aqui para a baixara Programa\u00e7\u00e3o<\/strong><\/a><\/h4>\n","protected":false},"excerpt":{"rendered":"<p>Dia\u00a006 Cesar Reis &#8211; Os valores da minha vida-O Poder das Escolhas &#8211; 14:00 \u00e0s 15:15 Assaruhy\u00a0 Franco &#8211; \u00c9tica espirita no dia-a-dia &#8211; 15:45 \u00e0s 17:00 Dia\u00a013 Feriado Nossa Senhora Aparecida 12 de outubro Dia\u00a020 Jos\u00e9 Henrique Rubim &#8211; &#8220;Pensamento de Joanna de \u00c2ngelis, Jung e Jorge Andr\u00e9a&#8221; &#8211; 14:00 \u00e0s 15:15 Jos\u00e9 Henrique [&hellip;]<\/p>\n","protected":false},"author":1,"featured_media":0,"comment_status":"closed","ping_status":"closed","sticky":false,"template":"","format":"standard","meta":{"footnotes":""},"categories":[1],"tags":[],"class_list":["post-1224","post","type-post","status-publish","format-standard","hentry","category-ultimas-noticias"],"_links":{"self":[{"href":"http:\/\/www.portaliceb.org.br\/wordpress\/index.php?rest_route=\/wp\/v2\/posts\/1224","targetHints":{"allow":["GET"]}}],"collection":[{"href":"http:\/\/www.portaliceb.org.br\/wordpress\/index.php?rest_route=\/wp\/v2\/posts"}],"about":[{"href":"http:\/\/www.portaliceb.org.br\/wordpress\/index.php?rest_route=\/wp\/v2\/types\/post"}],"author":[{"embeddable":true,"href":"http:\/\/www.portaliceb.org.br\/wordpress\/index.php?rest_route=\/wp\/v2\/users\/1"}],"replies":[{"embeddable":true,"href":"http:\/\/www.portaliceb.org.br\/wordpress\/index.php?rest_route=%2Fwp%2Fv2%2Fcomments&post=1224"}],"version-history":[{"count":2,"href":"http:\/\/www.portaliceb.org.br\/wordpress\/index.php?rest_route=\/wp\/v2\/posts\/1224\/revisions"}],"predecessor-version":[{"id":1269,"href":"http:\/\/www.portaliceb.org.br\/wordpress\/index.php?rest_route=\/wp\/v2\/posts\/1224\/revisions\/1269"}],"wp:attachment":[{"href":"http:\/\/www.portaliceb.org.br\/wordpress\/index.php?rest_route=%2Fwp%2Fv2%2Fmedia&parent=1224"}],"wp:term":[{"taxonomy":"category","embeddable":true,"href":"http:\/\/www.portaliceb.org.br\/wordpress\/index.php?rest_route=%2Fwp%2Fv2%2Fcategories&post=1224"},{"taxonomy":"post_tag","embeddable":true,"href":"http:\/\/www.portaliceb.org.br\/wordpress\/index.php?rest_route=%2Fwp%2Fv2%2Ftags&post=1224"}],"curies":[{"name":"wp","href":"https:\/\/api.w.org\/{rel}","templated":true}]}}