{"id":1216,"date":"2018-08-27T17:16:02","date_gmt":"2018-08-27T20:16:02","guid":{"rendered":"http:\/\/www.portaliceb.org.br\/wordpress\/?p=1216"},"modified":"2018-08-27T17:20:16","modified_gmt":"2018-08-27T20:20:16","slug":"palestras-de-setembro-2018","status":"publish","type":"post","link":"http:\/\/www.portaliceb.org.br\/wordpress\/?p=1216","title":{"rendered":"PALESTRAS DE SETEMBRO 2018"},"content":{"rendered":"<h4><strong>Dia\u00a001<\/strong><\/h4>\n<h4><strong>Cesar Reis<\/strong> &#8211; A caridade como alavanca da reforma intima &#8211; 14:00 \u00e0s 15:15<\/h4>\n<h4><strong>Rosa Martins<\/strong> &#8211; Altru\u00edsmo &#8211; minha rela\u00e7\u00e3o com o outro &#8211; 15:45 \u00e0s 17:00<\/h4>\n<hr \/>\n<h4><strong>Dia\u00a008<\/strong><\/h4>\n<h4><strong>Feriado Independ\u00eancia do Brasil dia 7 de set<\/strong><\/h4>\n<hr \/>\n<h4><strong>Dia\u00a015<\/strong><\/h4>\n<h4><strong>Jos\u00e9 Henrique Rubim <\/strong>&#8211; &#8220;Pensamento de Joanna de \u00c2ngelis, Jung e Jorge Andr\u00e9a&#8221; &#8211; 14:00 \u00e0s 15:15<\/h4>\n<h4><strong>Jos\u00e9 Henrique Rubim<\/strong> &#8211; Neuroplasticidade e h\u00e1bitos mentais &#8211; o que eu faco com a minha mediunidade &#8211; 15:45 \u00e0s 17:00<\/h4>\n<hr \/>\n<h4><strong>Dia\u00a022<\/strong><\/h4>\n<h4><strong>Luzia Mathias<\/strong> &#8211; &#8220;Vida: Desafios e Solu\u00e7\u00f5es &#8211;\u00a0 Joanna de Angelis&#8221; &#8211; 14:00 \u00e0s 15:15<\/h4>\n<h4><strong>Claudio Conti<\/strong> &#8211; Ci\u00eancia e Espiritualidade &#8211; 15:45 \u00e0s 17:00<\/h4>\n<hr \/>\n<h4><strong>Dia\u00a029<\/strong><\/h4>\n<h4><strong>Arleir Bellieny<\/strong> &#8211; Depress\u00e3o e Vida &#8211; 14:00 \u00e0s 15:15<\/h4>\n<h4><strong>Assaruhy Franco<\/strong> &#8211; Ci\u00eancia e Espiritualidade &#8211; 15:45 \u00e0s 17:00<\/h4>\n<hr \/>\n<h4><strong>Programa\u00e7\u00e3o do\u00a0Segundo Semestre<\/strong><\/h4>\n<h4 style=\"color: red; font-size: 14px; font-family: verdana;\"><a style=\"text-decoration: none; color: #9acd32;\" href=\"https:\/\/drive.google.com\/open?id=1yj-tMCwgTdIwGxo-Y2b3b5W3EXFsSeJs\" target=\"_blank\"><strong>Clique aqui para a baixara Programa\u00e7\u00e3o<\/strong><\/a><\/h4>\n","protected":false},"excerpt":{"rendered":"<p>Dia\u00a001 Cesar Reis &#8211; A caridade como alavanca da reforma intima &#8211; 14:00 \u00e0s 15:15 Rosa Martins &#8211; Altru\u00edsmo &#8211; minha rela\u00e7\u00e3o com o outro &#8211; 15:45 \u00e0s 17:00 Dia\u00a008 Feriado Independ\u00eancia do Brasil dia 7 de set Dia\u00a015 Jos\u00e9 Henrique Rubim &#8211; &#8220;Pensamento de Joanna de \u00c2ngelis, Jung e Jorge Andr\u00e9a&#8221; &#8211; 14:00 \u00e0s [&hellip;]<\/p>\n","protected":false},"author":1,"featured_media":0,"comment_status":"closed","ping_status":"closed","sticky":false,"template":"","format":"standard","meta":{"footnotes":""},"categories":[1],"tags":[],"class_list":["post-1216","post","type-post","status-publish","format-standard","hentry","category-ultimas-noticias"],"_links":{"self":[{"href":"http:\/\/www.portaliceb.org.br\/wordpress\/index.php?rest_route=\/wp\/v2\/posts\/1216","targetHints":{"allow":["GET"]}}],"collection":[{"href":"http:\/\/www.portaliceb.org.br\/wordpress\/index.php?rest_route=\/wp\/v2\/posts"}],"about":[{"href":"http:\/\/www.portaliceb.org.br\/wordpress\/index.php?rest_route=\/wp\/v2\/types\/post"}],"author":[{"embeddable":true,"href":"http:\/\/www.portaliceb.org.br\/wordpress\/index.php?rest_route=\/wp\/v2\/users\/1"}],"replies":[{"embeddable":true,"href":"http:\/\/www.portaliceb.org.br\/wordpress\/index.php?rest_route=%2Fwp%2Fv2%2Fcomments&post=1216"}],"version-history":[{"count":5,"href":"http:\/\/www.portaliceb.org.br\/wordpress\/index.php?rest_route=\/wp\/v2\/posts\/1216\/revisions"}],"predecessor-version":[{"id":1221,"href":"http:\/\/www.portaliceb.org.br\/wordpress\/index.php?rest_route=\/wp\/v2\/posts\/1216\/revisions\/1221"}],"wp:attachment":[{"href":"http:\/\/www.portaliceb.org.br\/wordpress\/index.php?rest_route=%2Fwp%2Fv2%2Fmedia&parent=1216"}],"wp:term":[{"taxonomy":"category","embeddable":true,"href":"http:\/\/www.portaliceb.org.br\/wordpress\/index.php?rest_route=%2Fwp%2Fv2%2Fcategories&post=1216"},{"taxonomy":"post_tag","embeddable":true,"href":"http:\/\/www.portaliceb.org.br\/wordpress\/index.php?rest_route=%2Fwp%2Fv2%2Ftags&post=1216"}],"curies":[{"name":"wp","href":"https:\/\/api.w.org\/{rel}","templated":true}]}}