{"id":1199,"date":"2018-07-07T10:45:03","date_gmt":"2018-07-07T13:45:03","guid":{"rendered":"http:\/\/www.portaliceb.org.br\/wordpress\/?p=1199"},"modified":"2018-08-15T10:32:48","modified_gmt":"2018-08-15T13:32:48","slug":"palestras-de-julho-2018","status":"publish","type":"post","link":"http:\/\/www.portaliceb.org.br\/wordpress\/?p=1199","title":{"rendered":"PALESTRAS DE AGOSTO 2018"},"content":{"rendered":"<h4><strong>Dia\u00a004<\/strong><\/h4>\n<h4><b>C\u00e9sar Reis<\/b>\u00a0&#8211; Consequ\u00eancias do fato de que Lei de Deus esta escrita na nossa consci\u00eancia- 14:00 \u00e0s 15:15<\/h4>\n<h4>Rosa Martins &#8211; Sejamos ego\u00edstas amando-nos uns aos outros &#8211;\u00a0 15:45\u00a0\u00e0s\u00a017:00<\/h4>\n<hr \/>\n<h4><strong>Dia\u00a011<\/strong><\/h4>\n<h4><b>Luiz Eduardo Brand\u00e3o<\/b> &#8211; \u201cEvolu\u00e7\u00e3o em Dois Mundos\u201d &#8211; 14h \u00e0s 15:15<\/h4>\n<h4><b>Claudio Conti<\/b>\u00a0&#8211;\u00a0Ci\u00eancia e espiritualidade\u00a0&#8211;\u00a0 15:45\u00a0\u00e0s\u00a017:00<\/h4>\n<hr \/>\n<h4><strong>Dia\u00a018<\/strong><\/h4>\n<h4><b>Jos\u00e9 Henrique Rubim<\/b> &#8211; &#8220;Pensamento de Joanna de \u00c2ngelis, Jung e Jorge Andr\u00e9a&#8221; &#8211; 14h \u00e0s 15:15<\/h4>\n<h4><b>Jos\u00e9 Henrique Rubim<\/b>\u00a0&#8211;\u00a0Ondas e estados alterados de consci\u00eancia\u00a0&#8211;\u00a0 15:45\u00a0\u00e0s\u00a017:00<\/h4>\n<hr \/>\n<h4><strong>Dia\u00a025<\/strong><\/h4>\n<h4><b>Luzia Mathias<\/b> &#8211; &#8220;Vida: Desafios e Solu\u00e7\u00f5es &#8211; Joanna de Angelis&#8221; &#8211; 14h \u00e0s 15:15<\/h4>\n<h4><b>Claudio Conti<\/b> &#8211;\u00a0Ci\u00eancia e espiritualidade\u00a0&#8211;\u00a0 15:45\u00a0\u00e0s\u00a017:00<\/h4>\n<hr \/>\n<h4><strong>Programa\u00e7\u00e3o do\u00a0Segundo Semestre<\/strong><\/h4>\n<h4 style=\"color: red; font-size: 14px; font-family: verdana;\"><a style=\"text-decoration: none; color: #9acd32;\" href=\"https:\/\/drive.google.com\/file\/d\/1M0hhZQyw16ZQ6PBXEYoPSSZg3X__-64R\/view\" target=\"_blank\"><strong>Clique aqui para a baixara Programa\u00e7\u00e3o<\/strong><\/a><\/h4>\n","protected":false},"excerpt":{"rendered":"<p>Dia\u00a004 C\u00e9sar Reis\u00a0&#8211; Consequ\u00eancias do fato de que Lei de Deus esta escrita na nossa consci\u00eancia- 14:00 \u00e0s 15:15 Rosa Martins &#8211; Sejamos ego\u00edstas amando-nos uns aos outros &#8211;\u00a0 15:45\u00a0\u00e0s\u00a017:00 Dia\u00a011 Luiz Eduardo Brand\u00e3o &#8211; \u201cEvolu\u00e7\u00e3o em Dois Mundos\u201d &#8211; 14h \u00e0s 15:15 Claudio Conti\u00a0&#8211;\u00a0Ci\u00eancia e espiritualidade\u00a0&#8211;\u00a0 15:45\u00a0\u00e0s\u00a017:00 Dia\u00a018 Jos\u00e9 Henrique Rubim &#8211; &#8220;Pensamento de [&hellip;]<\/p>\n","protected":false},"author":1,"featured_media":0,"comment_status":"closed","ping_status":"closed","sticky":false,"template":"","format":"standard","meta":{"footnotes":""},"categories":[1],"tags":[],"class_list":["post-1199","post","type-post","status-publish","format-standard","hentry","category-ultimas-noticias"],"_links":{"self":[{"href":"http:\/\/www.portaliceb.org.br\/wordpress\/index.php?rest_route=\/wp\/v2\/posts\/1199","targetHints":{"allow":["GET"]}}],"collection":[{"href":"http:\/\/www.portaliceb.org.br\/wordpress\/index.php?rest_route=\/wp\/v2\/posts"}],"about":[{"href":"http:\/\/www.portaliceb.org.br\/wordpress\/index.php?rest_route=\/wp\/v2\/types\/post"}],"author":[{"embeddable":true,"href":"http:\/\/www.portaliceb.org.br\/wordpress\/index.php?rest_route=\/wp\/v2\/users\/1"}],"replies":[{"embeddable":true,"href":"http:\/\/www.portaliceb.org.br\/wordpress\/index.php?rest_route=%2Fwp%2Fv2%2Fcomments&post=1199"}],"version-history":[{"count":11,"href":"http:\/\/www.portaliceb.org.br\/wordpress\/index.php?rest_route=\/wp\/v2\/posts\/1199\/revisions"}],"predecessor-version":[{"id":1213,"href":"http:\/\/www.portaliceb.org.br\/wordpress\/index.php?rest_route=\/wp\/v2\/posts\/1199\/revisions\/1213"}],"wp:attachment":[{"href":"http:\/\/www.portaliceb.org.br\/wordpress\/index.php?rest_route=%2Fwp%2Fv2%2Fmedia&parent=1199"}],"wp:term":[{"taxonomy":"category","embeddable":true,"href":"http:\/\/www.portaliceb.org.br\/wordpress\/index.php?rest_route=%2Fwp%2Fv2%2Fcategories&post=1199"},{"taxonomy":"post_tag","embeddable":true,"href":"http:\/\/www.portaliceb.org.br\/wordpress\/index.php?rest_route=%2Fwp%2Fv2%2Ftags&post=1199"}],"curies":[{"name":"wp","href":"https:\/\/api.w.org\/{rel}","templated":true}]}}