{"id":1186,"date":"2018-05-29T11:53:08","date_gmt":"2018-05-29T14:53:08","guid":{"rendered":"http:\/\/www.portaliceb.org.br\/wordpress\/?p=1186"},"modified":"2018-06-25T16:23:43","modified_gmt":"2018-06-25T19:23:43","slug":"palestras-de-junho-2018","status":"publish","type":"post","link":"http:\/\/www.portaliceb.org.br\/wordpress\/?p=1186","title":{"rendered":"PALESTRAS DE JUNHO 2018"},"content":{"rendered":"<hr \/>\n<h4><strong>Dia\u00a002<\/strong><\/h4>\n<h4><b>CANCELADO<\/b><\/h4>\n<hr \/>\n<h4><strong>Dia\u00a009<\/strong><\/h4>\n<h4><b>Luiz Eduardo Brand\u00e3o<\/b> &#8211; \u201cEvolu\u00e7\u00e3o em Dois Mundos\u201d &#8211; 14:00 \u00e0s\u00a015:15<\/h4>\n<h4><b>Claudio Conti<\/b>\u00a0&#8211;\u00a0Ci\u00eancia e Espiritualidade &#8211; 15:45 \u00e0s 17:00<\/h4>\n<hr \/>\n<h4><strong>Dia\u00a016<\/strong><\/h4>\n<h4><b>Jos\u00e9 Henrique Rubim<\/b>\u00a0&#8211; &#8220;Pensamento de Joanna de \u00c2ngelis, Jung e Jorge Andr\u00e9a&#8221; &#8211; 14h \u00e0s\u00a015:15<\/h4>\n<h4><b>Jose Henrique Rubim<\/b>\u00a0&#8211; A mediunidade como atributo humano &#8211; 15:45 \u00e0s 17:00<\/h4>\n<hr \/>\n<h4><strong>Dia\u00a023<\/strong><\/h4>\n<h4><b>Luzia Mathias<\/b>\u00a0&#8211; &#8220;Vida: Desafios e Solu\u00e7\u00f5es-Joanna de Angelis&#8221; &#8211; 14h \u00e0s\u00a015:15<\/h4>\n<h4><b>Tatiane Bellieny<\/b>\u00a0&#8211; Vitoria da Vida &#8211; 15:45 \u00e0s 17:00<\/h4>\n<hr \/>\n<h4><strong>Dia\u00a030<\/strong><\/h4>\n<h4><b>Cesar Reis<\/b>\u00a0&#8211; Tema Livre &#8211; 14h \u00e0s\u00a015:15<\/h4>\n<h4><b>Claudio Conti<\/b>\u00a0Tema Livre  &#8211; 15:45 \u00e0s 17:00<\/h4>\n<hr \/>\n<h4><strong>Programa\u00e7\u00e3o do\u00a0Primeiro\u00a0Semestre<\/strong><\/h4>\n<h4 style=\"color: red; font-size: 14px; font-family: verdana;\"><a style=\"text-decoration: none; color: #9acd32;\" href=\"https:\/\/drive.google.com\/open?id=1gDrqVVFto8fN7e8G9MZ3NiuL1EkVaRix\" target=\"_blank\"><strong>Clique aqui para a baixara Programa\u00e7\u00e3o<\/strong><\/a><\/h4>\n","protected":false},"excerpt":{"rendered":"<p>Dia\u00a002 CANCELADO Dia\u00a009 Luiz Eduardo Brand\u00e3o &#8211; \u201cEvolu\u00e7\u00e3o em Dois Mundos\u201d &#8211; 14:00 \u00e0s\u00a015:15 Claudio Conti\u00a0&#8211;\u00a0Ci\u00eancia e Espiritualidade &#8211; 15:45 \u00e0s 17:00 Dia\u00a016 Jos\u00e9 Henrique Rubim\u00a0&#8211; &#8220;Pensamento de Joanna de \u00c2ngelis, Jung e Jorge Andr\u00e9a&#8221; &#8211; 14h \u00e0s\u00a015:15 Jose Henrique Rubim\u00a0&#8211; A mediunidade como atributo humano &#8211; 15:45 \u00e0s 17:00 Dia\u00a023 Luzia Mathias\u00a0&#8211; &#8220;Vida: Desafios [&hellip;]<\/p>\n","protected":false},"author":1,"featured_media":0,"comment_status":"closed","ping_status":"closed","sticky":false,"template":"","format":"standard","meta":{"footnotes":""},"categories":[1],"tags":[],"class_list":["post-1186","post","type-post","status-publish","format-standard","hentry","category-ultimas-noticias"],"_links":{"self":[{"href":"http:\/\/www.portaliceb.org.br\/wordpress\/index.php?rest_route=\/wp\/v2\/posts\/1186","targetHints":{"allow":["GET"]}}],"collection":[{"href":"http:\/\/www.portaliceb.org.br\/wordpress\/index.php?rest_route=\/wp\/v2\/posts"}],"about":[{"href":"http:\/\/www.portaliceb.org.br\/wordpress\/index.php?rest_route=\/wp\/v2\/types\/post"}],"author":[{"embeddable":true,"href":"http:\/\/www.portaliceb.org.br\/wordpress\/index.php?rest_route=\/wp\/v2\/users\/1"}],"replies":[{"embeddable":true,"href":"http:\/\/www.portaliceb.org.br\/wordpress\/index.php?rest_route=%2Fwp%2Fv2%2Fcomments&post=1186"}],"version-history":[{"count":9,"href":"http:\/\/www.portaliceb.org.br\/wordpress\/index.php?rest_route=\/wp\/v2\/posts\/1186\/revisions"}],"predecessor-version":[{"id":1196,"href":"http:\/\/www.portaliceb.org.br\/wordpress\/index.php?rest_route=\/wp\/v2\/posts\/1186\/revisions\/1196"}],"wp:attachment":[{"href":"http:\/\/www.portaliceb.org.br\/wordpress\/index.php?rest_route=%2Fwp%2Fv2%2Fmedia&parent=1186"}],"wp:term":[{"taxonomy":"category","embeddable":true,"href":"http:\/\/www.portaliceb.org.br\/wordpress\/index.php?rest_route=%2Fwp%2Fv2%2Fcategories&post=1186"},{"taxonomy":"post_tag","embeddable":true,"href":"http:\/\/www.portaliceb.org.br\/wordpress\/index.php?rest_route=%2Fwp%2Fv2%2Ftags&post=1186"}],"curies":[{"name":"wp","href":"https:\/\/api.w.org\/{rel}","templated":true}]}}