{"id":1173,"date":"2018-05-03T10:24:48","date_gmt":"2018-05-03T13:24:48","guid":{"rendered":"http:\/\/www.portaliceb.org.br\/wordpress\/?p=1173"},"modified":"2018-05-23T09:47:38","modified_gmt":"2018-05-23T12:47:38","slug":"palestras-de-maio-2018","status":"publish","type":"post","link":"http:\/\/www.portaliceb.org.br\/wordpress\/?p=1173","title":{"rendered":"PALESTRAS DE MAIO 2018"},"content":{"rendered":"<hr \/>\n<h4><strong>Dia\u00a005<\/strong><\/h4>\n<h4><b>Cesar Reis<\/b> &#8211; Semin\u00e1rio &#8220;Amor&#8221;\u00a0&#8211; 14:00 \u00e0s 17:00<\/h4>\n<hr \/>\n<h4><strong>Dia\u00a012<\/strong><\/h4>\n<h4><b>Luiz Eduardo Brand\u00e3o<\/b> &#8211; \u201cEvolu\u00e7\u00e3o em Dois Mundos\u201d &#8211; 14:00 \u00e0s\u00a015:15<\/h4>\n<h4><b>Claudio Conti<\/b>\u00a0&#8211;\u00a0Ci\u00eancia e Espiritualidade &#8211; 15:45 \u00e0s 17:00<\/h4>\n<hr \/>\n<h4><strong>Dia\u00a019<\/strong><\/h4>\n<h4><b>Luzia Mathias<\/b>\u00a0&#8211; &#8220;Vida: Desafios e Solu\u00e7\u00f5es-Joanna de \u00c2ngelis&#8221; &#8211; 14h \u00e0s\u00a015:15<\/h4>\n<h4><b>Ivan Tauil<\/b>\u00a0&#8211; Lei da Conserva\u00e7\u00e3o-Desfrutar os Bens &#8211; 15:45 \u00e0s 17:00<\/h4>\n<hr \/>\n<h4><strong>Dia\u00a026<\/strong><\/h4>\n<h4><b>Arleir Bellieny<\/b>\u00a0&#8211; Tratando as emo\u00e7\u00f5es na frequ\u00eancia do amor &#8211; 14h \u00e0s\u00a015:15<\/h4>\n<h4><b>Claudio Conti<\/b>\u00a0&#8211; Ci\u00eancia e Espiritualidade &#8211; 15:45 \u00e0s 17:00<\/h4>\n<hr \/>\n<h4><strong>Programa\u00e7\u00e3o do\u00a0Primeiro\u00a0Semestre<\/strong><\/h4>\n<h4 style=\"color: red; font-size: 14px; font-family: verdana;\"><a style=\"text-decoration: none; color: #9acd32;\" href=\"https:\/\/drive.google.com\/open?id=1Q1L1xz4Y8SC0X2ZmrLhqOXJ1e3NcgNne\" target=\"_blank\"><strong>Clique aqui para a baixara Programa\u00e7\u00e3o<\/strong><\/a><\/h4>\n","protected":false},"excerpt":{"rendered":"<p>Dia\u00a005 Cesar Reis &#8211; Semin\u00e1rio &#8220;Amor&#8221;\u00a0&#8211; 14:00 \u00e0s 17:00 Dia\u00a012 Luiz Eduardo Brand\u00e3o &#8211; \u201cEvolu\u00e7\u00e3o em Dois Mundos\u201d &#8211; 14:00 \u00e0s\u00a015:15 Claudio Conti\u00a0&#8211;\u00a0Ci\u00eancia e Espiritualidade &#8211; 15:45 \u00e0s 17:00 Dia\u00a019 Luzia Mathias\u00a0&#8211; &#8220;Vida: Desafios e Solu\u00e7\u00f5es-Joanna de \u00c2ngelis&#8221; &#8211; 14h \u00e0s\u00a015:15 Ivan Tauil\u00a0&#8211; Lei da Conserva\u00e7\u00e3o-Desfrutar os Bens &#8211; 15:45 \u00e0s 17:00 Dia\u00a026 Arleir Bellieny\u00a0&#8211; [&hellip;]<\/p>\n","protected":false},"author":1,"featured_media":0,"comment_status":"closed","ping_status":"closed","sticky":false,"template":"","format":"standard","meta":{"footnotes":""},"categories":[1],"tags":[],"class_list":["post-1173","post","type-post","status-publish","format-standard","hentry","category-ultimas-noticias"],"_links":{"self":[{"href":"http:\/\/www.portaliceb.org.br\/wordpress\/index.php?rest_route=\/wp\/v2\/posts\/1173","targetHints":{"allow":["GET"]}}],"collection":[{"href":"http:\/\/www.portaliceb.org.br\/wordpress\/index.php?rest_route=\/wp\/v2\/posts"}],"about":[{"href":"http:\/\/www.portaliceb.org.br\/wordpress\/index.php?rest_route=\/wp\/v2\/types\/post"}],"author":[{"embeddable":true,"href":"http:\/\/www.portaliceb.org.br\/wordpress\/index.php?rest_route=\/wp\/v2\/users\/1"}],"replies":[{"embeddable":true,"href":"http:\/\/www.portaliceb.org.br\/wordpress\/index.php?rest_route=%2Fwp%2Fv2%2Fcomments&post=1173"}],"version-history":[{"count":10,"href":"http:\/\/www.portaliceb.org.br\/wordpress\/index.php?rest_route=\/wp\/v2\/posts\/1173\/revisions"}],"predecessor-version":[{"id":1185,"href":"http:\/\/www.portaliceb.org.br\/wordpress\/index.php?rest_route=\/wp\/v2\/posts\/1173\/revisions\/1185"}],"wp:attachment":[{"href":"http:\/\/www.portaliceb.org.br\/wordpress\/index.php?rest_route=%2Fwp%2Fv2%2Fmedia&parent=1173"}],"wp:term":[{"taxonomy":"category","embeddable":true,"href":"http:\/\/www.portaliceb.org.br\/wordpress\/index.php?rest_route=%2Fwp%2Fv2%2Fcategories&post=1173"},{"taxonomy":"post_tag","embeddable":true,"href":"http:\/\/www.portaliceb.org.br\/wordpress\/index.php?rest_route=%2Fwp%2Fv2%2Ftags&post=1173"}],"curies":[{"name":"wp","href":"https:\/\/api.w.org\/{rel}","templated":true}]}}