{"id":1163,"date":"2018-03-27T10:45:13","date_gmt":"2018-03-27T13:45:13","guid":{"rendered":"http:\/\/www.portaliceb.org.br\/wordpress\/?p=1163"},"modified":"2018-04-12T11:36:39","modified_gmt":"2018-04-12T14:36:39","slug":"palestras-de-abril-2018","status":"publish","type":"post","link":"http:\/\/www.portaliceb.org.br\/wordpress\/?p=1163","title":{"rendered":"PALESTRAS DE ABRIL 2018"},"content":{"rendered":"<hr \/>\n<h4><strong>Dia\u00a007<\/strong><\/h4>\n<h4><b>Rosa Martins<\/b>\u00a0&#8211; Papel da Gen\u00e9tica na\u00a0 Programa\u00e7\u00e3o da Reencarna\u00e7\u00e3o &#8211; 14:00 \u00e0s 17:00<\/h4>\n<hr \/>\n<h4><strong>Dia\u00a014<\/strong><\/h4>\n<h4><b>Luiz Eduardo Brand\u00e3o<\/b> &#8211; \u201cEvolu\u00e7\u00e3o em Dois Mundos\u201d &#8211; 14:00 \u00e0s\u00a015:15<\/h4>\n<h4><b>Claudio Conti<\/b>\u00a0&#8211;\u00a0Ci\u00eancia e Espiritualidade &#8211; 15:45 \u00e0s 17:00<\/h4>\n<hr \/>\n<h4><strong>Dia\u00a021<\/strong><\/h4>\n<h4><\/h4>\n<p><strong>CANCELADO<\/strong><\/p>\n<hr \/>\n<h4><strong>Dia\u00a028<\/strong><\/h4>\n<h4><b>Luzia Mathias<\/b>\u00a0&#8211; &#8220;Vida: Desafios e Solu\u00e7\u00f5es-Joanna de \u00c2ngelis&#8221; &#8211; 14h \u00e0s\u00a015:15<\/h4>\n<h4><b>Ivan Tauil<\/b>\u00a0&#8211;\u00a0Lei da Reprodu\u00e7\u00e3o &#8211; O Dar e Receber\u00a0&#8211; 15:45 \u00e0s 17:00<\/h4>\n","protected":false},"excerpt":{"rendered":"<p>Dia\u00a007 Rosa Martins\u00a0&#8211; Papel da Gen\u00e9tica na\u00a0 Programa\u00e7\u00e3o da Reencarna\u00e7\u00e3o &#8211; 14:00 \u00e0s 17:00 Dia\u00a014 Luiz Eduardo Brand\u00e3o &#8211; \u201cEvolu\u00e7\u00e3o em Dois Mundos\u201d &#8211; 14:00 \u00e0s\u00a015:15 Claudio Conti\u00a0&#8211;\u00a0Ci\u00eancia e Espiritualidade &#8211; 15:45 \u00e0s 17:00 Dia\u00a021 CANCELADO Dia\u00a028 Luzia Mathias\u00a0&#8211; &#8220;Vida: Desafios e Solu\u00e7\u00f5es-Joanna de \u00c2ngelis&#8221; &#8211; 14h \u00e0s\u00a015:15 Ivan Tauil\u00a0&#8211;\u00a0Lei da Reprodu\u00e7\u00e3o &#8211; O Dar [&hellip;]<\/p>\n","protected":false},"author":1,"featured_media":0,"comment_status":"closed","ping_status":"closed","sticky":false,"template":"","format":"standard","meta":{"footnotes":""},"categories":[1],"tags":[],"class_list":["post-1163","post","type-post","status-publish","format-standard","hentry","category-ultimas-noticias"],"_links":{"self":[{"href":"http:\/\/www.portaliceb.org.br\/wordpress\/index.php?rest_route=\/wp\/v2\/posts\/1163","targetHints":{"allow":["GET"]}}],"collection":[{"href":"http:\/\/www.portaliceb.org.br\/wordpress\/index.php?rest_route=\/wp\/v2\/posts"}],"about":[{"href":"http:\/\/www.portaliceb.org.br\/wordpress\/index.php?rest_route=\/wp\/v2\/types\/post"}],"author":[{"embeddable":true,"href":"http:\/\/www.portaliceb.org.br\/wordpress\/index.php?rest_route=\/wp\/v2\/users\/1"}],"replies":[{"embeddable":true,"href":"http:\/\/www.portaliceb.org.br\/wordpress\/index.php?rest_route=%2Fwp%2Fv2%2Fcomments&post=1163"}],"version-history":[{"count":4,"href":"http:\/\/www.portaliceb.org.br\/wordpress\/index.php?rest_route=\/wp\/v2\/posts\/1163\/revisions"}],"predecessor-version":[{"id":1168,"href":"http:\/\/www.portaliceb.org.br\/wordpress\/index.php?rest_route=\/wp\/v2\/posts\/1163\/revisions\/1168"}],"wp:attachment":[{"href":"http:\/\/www.portaliceb.org.br\/wordpress\/index.php?rest_route=%2Fwp%2Fv2%2Fmedia&parent=1163"}],"wp:term":[{"taxonomy":"category","embeddable":true,"href":"http:\/\/www.portaliceb.org.br\/wordpress\/index.php?rest_route=%2Fwp%2Fv2%2Fcategories&post=1163"},{"taxonomy":"post_tag","embeddable":true,"href":"http:\/\/www.portaliceb.org.br\/wordpress\/index.php?rest_route=%2Fwp%2Fv2%2Ftags&post=1163"}],"curies":[{"name":"wp","href":"https:\/\/api.w.org\/{rel}","templated":true}]}}