{"id":1156,"date":"2018-02-23T10:30:19","date_gmt":"2018-02-23T13:30:19","guid":{"rendered":"http:\/\/www.portaliceb.org.br\/wordpress\/?p=1156"},"modified":"2018-02-23T10:30:19","modified_gmt":"2018-02-23T13:30:19","slug":"palestras-de-marco-2018","status":"publish","type":"post","link":"http:\/\/www.portaliceb.org.br\/wordpress\/?p=1156","title":{"rendered":"PALESTRAS DE MAR\u00c7O 2018"},"content":{"rendered":"<hr \/>\n<h4><strong>Dia\u00a003<\/strong><\/h4>\n<h4><b>Cosme Massi<\/b>\u00a0&#8211; Aula Inaugural &#8211; Os fluidos: Sua natureza e suas qualidades\u00a0&#8211; 15:00 \u00e0s 17:00<\/h4>\n<hr \/>\n<h4><strong>Dia\u00a010<\/strong><\/h4>\n<h4><b>Luiz Eduardo Brand\u00e3o<\/b> &#8211; \u201cEvolu\u00e7\u00e3o em Dois Mundos\u201d &#8211; 14:00 \u00e0s\u00a015:15<\/h4>\n<h4><b>Claudio Conti<\/b>\u00a0&#8211;\u00a0Ci\u00eancia e Espiritualidade &#8211; 15:45 \u00e0s 17:00<\/h4>\n<hr \/>\n<h4><strong>Dia\u00a017<\/strong><\/h4>\n<h4><b>Jos\u00e9 Henrique Rubim<\/b> &#8211; &#8220;Pensamento de Joanna de \u00c2ngelis, Jung e Jorge Andr\u00e9a&#8221; &#8211; 14h \u00e0s\u00a015:15<\/h4>\n<h4><b>Jos\u00e9 Henrique Rubim<\/b> &#8211;\u00a0A Biologia e o Modelo Organizador Biologico\u00a0&#8211; 15:45 \u00e0s 17:00<\/h4>\n<hr \/>\n<h4><strong>Dia\u00a024<\/strong><\/h4>\n<h4><b>Luzia Mathias<\/b>\u00a0&#8211; &#8220;Vida: Desafios e Solu\u00e7\u00f5es-Joanna de \u00c2ngelis&#8221; &#8211; 14h \u00e0s\u00a015:15<\/h4>\n<h4><b>Ivan Tauil<\/b>\u00a0&#8211;\u00a0Lei de Destrui\u00e7\u00e3o Necessidade de Renova\u00e7\u00e3o\u00a0&#8211; 15:45 \u00e0s 17:00<\/h4>\n","protected":false},"excerpt":{"rendered":"<p>Dia\u00a003 Cosme Massi\u00a0&#8211; Aula Inaugural &#8211; Os fluidos: Sua natureza e suas qualidades\u00a0&#8211; 15:00 \u00e0s 17:00 Dia\u00a010 Luiz Eduardo Brand\u00e3o &#8211; \u201cEvolu\u00e7\u00e3o em Dois Mundos\u201d &#8211; 14:00 \u00e0s\u00a015:15 Claudio Conti\u00a0&#8211;\u00a0Ci\u00eancia e Espiritualidade &#8211; 15:45 \u00e0s 17:00 Dia\u00a017 Jos\u00e9 Henrique Rubim &#8211; &#8220;Pensamento de Joanna de \u00c2ngelis, Jung e Jorge Andr\u00e9a&#8221; &#8211; 14h \u00e0s\u00a015:15 Jos\u00e9 Henrique [&hellip;]<\/p>\n","protected":false},"author":1,"featured_media":0,"comment_status":"closed","ping_status":"closed","sticky":false,"template":"","format":"standard","meta":{"footnotes":""},"categories":[1],"tags":[],"class_list":["post-1156","post","type-post","status-publish","format-standard","hentry","category-ultimas-noticias"],"_links":{"self":[{"href":"http:\/\/www.portaliceb.org.br\/wordpress\/index.php?rest_route=\/wp\/v2\/posts\/1156","targetHints":{"allow":["GET"]}}],"collection":[{"href":"http:\/\/www.portaliceb.org.br\/wordpress\/index.php?rest_route=\/wp\/v2\/posts"}],"about":[{"href":"http:\/\/www.portaliceb.org.br\/wordpress\/index.php?rest_route=\/wp\/v2\/types\/post"}],"author":[{"embeddable":true,"href":"http:\/\/www.portaliceb.org.br\/wordpress\/index.php?rest_route=\/wp\/v2\/users\/1"}],"replies":[{"embeddable":true,"href":"http:\/\/www.portaliceb.org.br\/wordpress\/index.php?rest_route=%2Fwp%2Fv2%2Fcomments&post=1156"}],"version-history":[{"count":2,"href":"http:\/\/www.portaliceb.org.br\/wordpress\/index.php?rest_route=\/wp\/v2\/posts\/1156\/revisions"}],"predecessor-version":[{"id":1158,"href":"http:\/\/www.portaliceb.org.br\/wordpress\/index.php?rest_route=\/wp\/v2\/posts\/1156\/revisions\/1158"}],"wp:attachment":[{"href":"http:\/\/www.portaliceb.org.br\/wordpress\/index.php?rest_route=%2Fwp%2Fv2%2Fmedia&parent=1156"}],"wp:term":[{"taxonomy":"category","embeddable":true,"href":"http:\/\/www.portaliceb.org.br\/wordpress\/index.php?rest_route=%2Fwp%2Fv2%2Fcategories&post=1156"},{"taxonomy":"post_tag","embeddable":true,"href":"http:\/\/www.portaliceb.org.br\/wordpress\/index.php?rest_route=%2Fwp%2Fv2%2Ftags&post=1156"}],"curies":[{"name":"wp","href":"https:\/\/api.w.org\/{rel}","templated":true}]}}