{"id":1141,"date":"2017-11-08T09:22:42","date_gmt":"2017-11-08T12:22:42","guid":{"rendered":"http:\/\/www.portaliceb.org.br\/wordpress\/?p=1141"},"modified":"2017-11-08T09:26:24","modified_gmt":"2017-11-08T12:26:24","slug":"palestras-de-novembro-2017","status":"publish","type":"post","link":"http:\/\/www.portaliceb.org.br\/wordpress\/?p=1141","title":{"rendered":"PALESTRAS DE NOVEMBRO 2017"},"content":{"rendered":"<hr \/>\n<h4><strong>Dia\u00a004<\/strong><\/h4>\n<h4><b>FERIADO DIA\u00a002<\/b> N\u00c3O HAVER\u00c1 AULA NESSE S\u00c1BADO DEVIDO AO FERIADO DO DIA 02<\/h4>\n<hr \/>\n<h4><strong>Dia 11<\/strong><\/h4>\n<h4><b>Luiz Eduardo Brand\u00e3o<\/b> &#8211; \u201cEvolu\u00e7\u00e3o em Dois Mundos\u201d &#8211; 14:00 \u00e0s\u00a015:15<\/h4>\n<h4><b>Jorge Cerqueira<\/b> &#8211; Responsabilidade Universal &#8211; 15:45 \u00e0s 17:00<\/h4>\n<hr \/>\n<h4><strong>Dia\u00a018<\/strong><\/h4>\n<h4><b>Jos\u00e9 Henrique Rubim<\/b> &#8211; &#8220;Pensamento de Joanna de \u00c2ngelis, Jung e Jorge Andr\u00e9a&#8221; &#8211; 14h \u00e0s\u00a015:15<\/h4>\n<h4><b>Assaruhy Franco<\/b> &#8211; Pontos de Muta\u00e7\u00e3o &#8211; 15:45 \u00e0s 17:00<\/h4>\n<hr \/>\n<h4><strong>Dia\u00a025<\/strong><\/h4>\n<h4>Construindo o Mundo de Regenera\u00e7\u00e3o\u00a0(Mesa Redonda 2\u00ba semestre) &#8211; <b>Brand\u00e3o; Assaruhy; Cerqueira; Rubim; C\u00e9sar Reis<\/b> &#8211; 14:00 \u00e0s 17:00<\/h4>\n<hr \/>\n<h4><strong>Programa\u00e7\u00e3o do Segundo\u00a0Semestre<\/strong><\/h4>\n<p><strong><a href=\"https:\/\/drive.google.com\/open?id=0Bxk6D5c-4I7fZDhqRGZXdFUtdEE\">Clique aqui para baixar a Programa\u00e7\u00e3o<\/a><\/strong><\/p>\n","protected":false},"excerpt":{"rendered":"<p>Dia\u00a004 FERIADO DIA\u00a002 N\u00c3O HAVER\u00c1 AULA NESSE S\u00c1BADO DEVIDO AO FERIADO DO DIA 02 Dia 11 Luiz Eduardo Brand\u00e3o &#8211; \u201cEvolu\u00e7\u00e3o em Dois Mundos\u201d &#8211; 14:00 \u00e0s\u00a015:15 Jorge Cerqueira &#8211; Responsabilidade Universal &#8211; 15:45 \u00e0s 17:00 Dia\u00a018 Jos\u00e9 Henrique Rubim &#8211; &#8220;Pensamento de Joanna de \u00c2ngelis, Jung e Jorge Andr\u00e9a&#8221; &#8211; 14h \u00e0s\u00a015:15 Assaruhy Franco [&hellip;]<\/p>\n","protected":false},"author":1,"featured_media":0,"comment_status":"closed","ping_status":"closed","sticky":false,"template":"","format":"standard","meta":{"footnotes":""},"categories":[1],"tags":[],"class_list":["post-1141","post","type-post","status-publish","format-standard","hentry","category-ultimas-noticias"],"_links":{"self":[{"href":"http:\/\/www.portaliceb.org.br\/wordpress\/index.php?rest_route=\/wp\/v2\/posts\/1141","targetHints":{"allow":["GET"]}}],"collection":[{"href":"http:\/\/www.portaliceb.org.br\/wordpress\/index.php?rest_route=\/wp\/v2\/posts"}],"about":[{"href":"http:\/\/www.portaliceb.org.br\/wordpress\/index.php?rest_route=\/wp\/v2\/types\/post"}],"author":[{"embeddable":true,"href":"http:\/\/www.portaliceb.org.br\/wordpress\/index.php?rest_route=\/wp\/v2\/users\/1"}],"replies":[{"embeddable":true,"href":"http:\/\/www.portaliceb.org.br\/wordpress\/index.php?rest_route=%2Fwp%2Fv2%2Fcomments&post=1141"}],"version-history":[{"count":5,"href":"http:\/\/www.portaliceb.org.br\/wordpress\/index.php?rest_route=\/wp\/v2\/posts\/1141\/revisions"}],"predecessor-version":[{"id":1146,"href":"http:\/\/www.portaliceb.org.br\/wordpress\/index.php?rest_route=\/wp\/v2\/posts\/1141\/revisions\/1146"}],"wp:attachment":[{"href":"http:\/\/www.portaliceb.org.br\/wordpress\/index.php?rest_route=%2Fwp%2Fv2%2Fmedia&parent=1141"}],"wp:term":[{"taxonomy":"category","embeddable":true,"href":"http:\/\/www.portaliceb.org.br\/wordpress\/index.php?rest_route=%2Fwp%2Fv2%2Fcategories&post=1141"},{"taxonomy":"post_tag","embeddable":true,"href":"http:\/\/www.portaliceb.org.br\/wordpress\/index.php?rest_route=%2Fwp%2Fv2%2Ftags&post=1141"}],"curies":[{"name":"wp","href":"https:\/\/api.w.org\/{rel}","templated":true}]}}