{"id":1117,"date":"2017-08-04T10:25:18","date_gmt":"2017-08-04T13:25:18","guid":{"rendered":"http:\/\/www.portaliceb.org.br\/wordpress\/?p=1117"},"modified":"2017-08-04T10:25:18","modified_gmt":"2017-08-04T13:25:18","slug":"palestras-de-agosto-2017","status":"publish","type":"post","link":"http:\/\/www.portaliceb.org.br\/wordpress\/?p=1117","title":{"rendered":"PALESTRAS DE AGOSTO 2017"},"content":{"rendered":"<hr \/>\n<h4><strong>Dia\u00a005<\/strong><\/h4>\n<h4>Luiz Eduardo Brand\u00e3o\u00a0&#8211; Consumo Consciente\u00a0&#8211; 14h \u00e0s\u00a015:15<\/h4>\n<h4>Jorge Cerqueira\u00a0&#8211; Pertencendo ao Universo &#8211; 15:45 \u00e0s 17:00<\/h4>\n<hr \/>\n<h4><strong>Dia\u00a012<\/strong><\/h4>\n<h4>Assaruhy Franco de Moraes\u00a0&#8211; \u00a0\u00c9tica evolucion\u00e1ria\u00a0&#8211; 14:00 \u00e0s 17:00<\/h4>\n<hr \/>\n<h4><strong>Dia\u00a019<\/strong><\/h4>\n<h4>Jos\u00e9 H. Rubim\u00a0&#8211; &#8220;Pensamento de Joanna de \u00c2ngelis, Jung e Jorge Andr\u00e9a&#8221; &#8211; 14h \u00e0s\u00a015:15<\/h4>\n<h4>Jos\u00e9 H. Rubim\u00a0 &#8211; Sa\u00fade Mente-Corpo &#8211; 15:45 \u00e0s 17:00<\/h4>\n<hr \/>\n<h4><strong>Dia\u00a026<\/strong><\/h4>\n<h4>Luzia Mathias &#8211; &#8220;Vida: Desafios e Solu\u00e7\u00f5es-Joanna de Angelis&#8221; &#8211; 14h \u00e0s\u00a015:15<\/h4>\n<h4>Claudio Conti &#8211; Cura e Qu\u00e2ntica 2 &#8211; 15:45 \u00e0s 17:00<\/h4>\n<hr \/>\n<h4><strong>Programa\u00e7\u00e3o do Segundo\u00a0Semestre<\/strong><\/h4>\n<p><strong><a href=\"https:\/\/drive.google.com\/file\/d\/0B_sQ_FKti9ziWVF0akZscW02QlE\/view?usp=sharing\">Clique aqui para baixar a Programa\u00e7\u00e3o<\/a><\/strong><\/p>\n","protected":false},"excerpt":{"rendered":"<p>Dia\u00a005 Luiz Eduardo Brand\u00e3o\u00a0&#8211; Consumo Consciente\u00a0&#8211; 14h \u00e0s\u00a015:15 Jorge Cerqueira\u00a0&#8211; Pertencendo ao Universo &#8211; 15:45 \u00e0s 17:00 Dia\u00a012 Assaruhy Franco de Moraes\u00a0&#8211; \u00a0\u00c9tica evolucion\u00e1ria\u00a0&#8211; 14:00 \u00e0s 17:00 Dia\u00a019 Jos\u00e9 H. Rubim\u00a0&#8211; &#8220;Pensamento de Joanna de \u00c2ngelis, Jung e Jorge Andr\u00e9a&#8221; &#8211; 14h \u00e0s\u00a015:15 Jos\u00e9 H. Rubim\u00a0 &#8211; Sa\u00fade Mente-Corpo &#8211; 15:45 \u00e0s 17:00 Dia\u00a026 Luzia [&hellip;]<\/p>\n","protected":false},"author":1,"featured_media":0,"comment_status":"closed","ping_status":"closed","sticky":false,"template":"","format":"standard","meta":{"footnotes":""},"categories":[1],"tags":[],"class_list":["post-1117","post","type-post","status-publish","format-standard","hentry","category-ultimas-noticias"],"_links":{"self":[{"href":"http:\/\/www.portaliceb.org.br\/wordpress\/index.php?rest_route=\/wp\/v2\/posts\/1117","targetHints":{"allow":["GET"]}}],"collection":[{"href":"http:\/\/www.portaliceb.org.br\/wordpress\/index.php?rest_route=\/wp\/v2\/posts"}],"about":[{"href":"http:\/\/www.portaliceb.org.br\/wordpress\/index.php?rest_route=\/wp\/v2\/types\/post"}],"author":[{"embeddable":true,"href":"http:\/\/www.portaliceb.org.br\/wordpress\/index.php?rest_route=\/wp\/v2\/users\/1"}],"replies":[{"embeddable":true,"href":"http:\/\/www.portaliceb.org.br\/wordpress\/index.php?rest_route=%2Fwp%2Fv2%2Fcomments&post=1117"}],"version-history":[{"count":1,"href":"http:\/\/www.portaliceb.org.br\/wordpress\/index.php?rest_route=\/wp\/v2\/posts\/1117\/revisions"}],"predecessor-version":[{"id":1118,"href":"http:\/\/www.portaliceb.org.br\/wordpress\/index.php?rest_route=\/wp\/v2\/posts\/1117\/revisions\/1118"}],"wp:attachment":[{"href":"http:\/\/www.portaliceb.org.br\/wordpress\/index.php?rest_route=%2Fwp%2Fv2%2Fmedia&parent=1117"}],"wp:term":[{"taxonomy":"category","embeddable":true,"href":"http:\/\/www.portaliceb.org.br\/wordpress\/index.php?rest_route=%2Fwp%2Fv2%2Fcategories&post=1117"},{"taxonomy":"post_tag","embeddable":true,"href":"http:\/\/www.portaliceb.org.br\/wordpress\/index.php?rest_route=%2Fwp%2Fv2%2Ftags&post=1117"}],"curies":[{"name":"wp","href":"https:\/\/api.w.org\/{rel}","templated":true}]}}