{"id":1101,"date":"2017-06-26T11:14:53","date_gmt":"2017-06-26T14:14:53","guid":{"rendered":"http:\/\/www.portaliceb.org.br\/wordpress\/?p=1101"},"modified":"2017-08-04T10:15:07","modified_gmt":"2017-08-04T13:15:07","slug":"palestras-de-julho-2017","status":"publish","type":"post","link":"http:\/\/www.portaliceb.org.br\/wordpress\/?p=1101","title":{"rendered":"PALESTRAS DE JULHO 2017"},"content":{"rendered":"<hr \/>\n<h4><strong>Dia\u00a001<\/strong><\/h4>\n<h4><strong>Marcelo Uch\u00f4a<\/strong> &#8211; Reconstruindo a Realidade\u00a0(Semin\u00e1rio)\u00a0&#8211; 14h \u00e0s\u00a017:00<\/h4>\n<hr \/>\n<h4><strong>Dia\u00a008<\/strong><\/h4>\n<h4><strong>Marcelo Nazareth<\/strong>&#8211; Fisiologia das Paix\u00f5es (Semin\u00e1rio) &#8211; 14:00 \u00e0s 17:00<\/h4>\n<hr \/>\n<h4><strong>Dia\u00a015<\/strong><\/h4>\n<h4><strong>Jos\u00e9 Henrique Rubim <\/strong> &#8211; &#8220;pensamento de Joanna \u00c2ngelis, Jung e Jorge Andr\u00e9a&#8221;(Semin\u00e1rio) &#8211; 14h \u00e0s\u00a017:00<\/h4>\n<hr \/>\n<h4><strong>Dia\u00a022<\/strong><\/h4>\n<h4><strong>Luzia Mathias<\/strong> &#8211; Vida Sa\u00fade e Doen\u00e7a (Semin\u00e1rio) &#8211; 14h \u00e0s\u00a017:00<\/h4>\n<hr \/>\n<h4><strong>Dia\u00a029<\/strong><\/h4>\n<h4><strong>Ivan Tauil; Jos\u00e9 Carlos Leal; Rosa Martins; Marcelo Uch\u00f4a;C\u00e9sar Reis<\/strong> &#8211; Em busca da sa\u00fade planet\u00e1ria (Semin\u00e1rio) &#8211; 14h \u00e0s\u00a017:00<\/h4>\n<hr \/>\n<h4><strong>Programa\u00e7\u00e3o do Primeiro\u00a0Semestre<\/strong><\/h4>\n<p><strong><a href=\"https:\/\/drive.google.com\/file\/d\/0B_sQ_FKti9ziWVF0akZscW02QlE\/view?usp=sharing\">Clique aqui para baixar a Programa\u00e7\u00e3o<\/a><\/strong><\/p>\n","protected":false},"excerpt":{"rendered":"<p>Dia\u00a001 Marcelo Uch\u00f4a &#8211; Reconstruindo a Realidade\u00a0(Semin\u00e1rio)\u00a0&#8211; 14h \u00e0s\u00a017:00 Dia\u00a008 Marcelo Nazareth&#8211; Fisiologia das Paix\u00f5es (Semin\u00e1rio) &#8211; 14:00 \u00e0s 17:00 Dia\u00a015 Jos\u00e9 Henrique Rubim &#8211; &#8220;pensamento de Joanna \u00c2ngelis, Jung e Jorge Andr\u00e9a&#8221;(Semin\u00e1rio) &#8211; 14h \u00e0s\u00a017:00 Dia\u00a022 Luzia Mathias &#8211; Vida Sa\u00fade e Doen\u00e7a (Semin\u00e1rio) &#8211; 14h \u00e0s\u00a017:00 Dia\u00a029 Ivan Tauil; Jos\u00e9 Carlos Leal; Rosa [&hellip;]<\/p>\n","protected":false},"author":1,"featured_media":0,"comment_status":"closed","ping_status":"closed","sticky":false,"template":"","format":"standard","meta":{"footnotes":""},"categories":[1],"tags":[],"class_list":["post-1101","post","type-post","status-publish","format-standard","hentry","category-ultimas-noticias"],"_links":{"self":[{"href":"http:\/\/www.portaliceb.org.br\/wordpress\/index.php?rest_route=\/wp\/v2\/posts\/1101","targetHints":{"allow":["GET"]}}],"collection":[{"href":"http:\/\/www.portaliceb.org.br\/wordpress\/index.php?rest_route=\/wp\/v2\/posts"}],"about":[{"href":"http:\/\/www.portaliceb.org.br\/wordpress\/index.php?rest_route=\/wp\/v2\/types\/post"}],"author":[{"embeddable":true,"href":"http:\/\/www.portaliceb.org.br\/wordpress\/index.php?rest_route=\/wp\/v2\/users\/1"}],"replies":[{"embeddable":true,"href":"http:\/\/www.portaliceb.org.br\/wordpress\/index.php?rest_route=%2Fwp%2Fv2%2Fcomments&post=1101"}],"version-history":[{"count":8,"href":"http:\/\/www.portaliceb.org.br\/wordpress\/index.php?rest_route=\/wp\/v2\/posts\/1101\/revisions"}],"predecessor-version":[{"id":1116,"href":"http:\/\/www.portaliceb.org.br\/wordpress\/index.php?rest_route=\/wp\/v2\/posts\/1101\/revisions\/1116"}],"wp:attachment":[{"href":"http:\/\/www.portaliceb.org.br\/wordpress\/index.php?rest_route=%2Fwp%2Fv2%2Fmedia&parent=1101"}],"wp:term":[{"taxonomy":"category","embeddable":true,"href":"http:\/\/www.portaliceb.org.br\/wordpress\/index.php?rest_route=%2Fwp%2Fv2%2Fcategories&post=1101"},{"taxonomy":"post_tag","embeddable":true,"href":"http:\/\/www.portaliceb.org.br\/wordpress\/index.php?rest_route=%2Fwp%2Fv2%2Ftags&post=1101"}],"curies":[{"name":"wp","href":"https:\/\/api.w.org\/{rel}","templated":true}]}}