{"id":1085,"date":"2017-05-03T14:17:00","date_gmt":"2017-05-03T17:17:00","guid":{"rendered":"http:\/\/www.portaliceb.org.br\/wordpress\/?p=1085"},"modified":"2017-05-03T14:32:50","modified_gmt":"2017-05-03T17:32:50","slug":"palestras-de-marco-2017-2","status":"publish","type":"post","link":"http:\/\/www.portaliceb.org.br\/wordpress\/?p=1085","title":{"rendered":"PALESTRAS DE MAIO 2017"},"content":{"rendered":"<hr \/>\n<h4><strong>Dia\u00a006<\/strong><\/h4>\n<h4>Ivan Tauil &#8211; Tempo de Cidadania-Lei da Igualdade &#8211; 14h \u00e0s\u00a015:15<\/h4>\n<h4>Jos\u00e9 Carlos Leal &#8211; Os cuidadores do 1o S\u00e9culo do Cristianismo &#8211; 15:45 \u00e0s 17:00<\/h4>\n<hr \/>\n<h4><strong>Dia\u00a013<\/strong><\/h4>\n<h4>Luiz Eduardo Brand\u00e3o &#8211; \u201cEvolu\u00e7\u00e3o em Dois Mundos\u201d &#8211; 14:00 \u00e0s 15:15<\/h4>\n<h4>Claudio Conti &#8211; Cura e Qu\u00e2ntica 2 &#8211; 15:45 \u00e0s 17:00<\/h4>\n<hr \/>\n<h4><strong>Dia\u00a020<\/strong><\/h4>\n<h4>Jos\u00e9 Henrique Rubim &#8211; &#8220;Pensamento de Joanna de \u00c2ngelis, Jung e Jorge Andr\u00e9a&#8221; &#8211; 14h \u00e0s\u00a015:15<\/h4>\n<h4>Rosa Maartins &#8211; Pegada Ecol\u00f3gica &#8211; 15:15\u00a0\u00e0s 17:00<\/h4>\n<hr \/>\n<h4><strong>Dia\u00a027<\/strong><\/h4>\n<h4>Luzia Mathias &#8211; &#8220;Vida: Desafios e Solu\u00e7\u00f5es-Joanna de Angelis&#8221; &#8211; 14h \u00e0s\u00a015:15<\/h4>\n<h4>Marcelo Uch\u00f4a &#8211; Viver em Rede &#8211; 15:15\u00a0\u00e0s 17:00<\/h4>\n<hr \/>\n<h4><strong>Programa\u00e7\u00e3o do Primeiro\u00a0Semestre<\/strong><\/h4>\n<h4 style=\"color: red; font-size: 14px; font-family: verdana;\"><a style=\"text-decoration: none; color: #9acd32;\" href=\"https:\/\/drive.google.com\/file\/d\/0B_sQ_FKti9ziZkZ2SVZIN0RDS00\/view\"><strong>Clique aqui para a baixara Programa\u00e7\u00e3o<\/strong><\/a><\/h4>\n","protected":false},"excerpt":{"rendered":"<p>Dia\u00a006 Ivan Tauil &#8211; Tempo de Cidadania-Lei da Igualdade &#8211; 14h \u00e0s\u00a015:15 Jos\u00e9 Carlos Leal &#8211; Os cuidadores do 1o S\u00e9culo do Cristianismo &#8211; 15:45 \u00e0s 17:00 Dia\u00a013 Luiz Eduardo Brand\u00e3o &#8211; \u201cEvolu\u00e7\u00e3o em Dois Mundos\u201d &#8211; 14:00 \u00e0s 15:15 Claudio Conti &#8211; Cura e Qu\u00e2ntica 2 &#8211; 15:45 \u00e0s 17:00 Dia\u00a020 Jos\u00e9 Henrique Rubim [&hellip;]<\/p>\n","protected":false},"author":1,"featured_media":0,"comment_status":"closed","ping_status":"closed","sticky":false,"template":"","format":"standard","meta":{"footnotes":""},"categories":[1],"tags":[],"class_list":["post-1085","post","type-post","status-publish","format-standard","hentry","category-ultimas-noticias"],"_links":{"self":[{"href":"http:\/\/www.portaliceb.org.br\/wordpress\/index.php?rest_route=\/wp\/v2\/posts\/1085","targetHints":{"allow":["GET"]}}],"collection":[{"href":"http:\/\/www.portaliceb.org.br\/wordpress\/index.php?rest_route=\/wp\/v2\/posts"}],"about":[{"href":"http:\/\/www.portaliceb.org.br\/wordpress\/index.php?rest_route=\/wp\/v2\/types\/post"}],"author":[{"embeddable":true,"href":"http:\/\/www.portaliceb.org.br\/wordpress\/index.php?rest_route=\/wp\/v2\/users\/1"}],"replies":[{"embeddable":true,"href":"http:\/\/www.portaliceb.org.br\/wordpress\/index.php?rest_route=%2Fwp%2Fv2%2Fcomments&post=1085"}],"version-history":[{"count":4,"href":"http:\/\/www.portaliceb.org.br\/wordpress\/index.php?rest_route=\/wp\/v2\/posts\/1085\/revisions"}],"predecessor-version":[{"id":1089,"href":"http:\/\/www.portaliceb.org.br\/wordpress\/index.php?rest_route=\/wp\/v2\/posts\/1085\/revisions\/1089"}],"wp:attachment":[{"href":"http:\/\/www.portaliceb.org.br\/wordpress\/index.php?rest_route=%2Fwp%2Fv2%2Fmedia&parent=1085"}],"wp:term":[{"taxonomy":"category","embeddable":true,"href":"http:\/\/www.portaliceb.org.br\/wordpress\/index.php?rest_route=%2Fwp%2Fv2%2Fcategories&post=1085"},{"taxonomy":"post_tag","embeddable":true,"href":"http:\/\/www.portaliceb.org.br\/wordpress\/index.php?rest_route=%2Fwp%2Fv2%2Ftags&post=1085"}],"curies":[{"name":"wp","href":"https:\/\/api.w.org\/{rel}","templated":true}]}}