{"id":1065,"date":"2017-03-28T13:00:42","date_gmt":"2017-03-28T16:00:42","guid":{"rendered":"http:\/\/www.portaliceb.org.br\/wordpress\/?p=1065"},"modified":"2017-04-25T11:08:52","modified_gmt":"2017-04-25T14:08:52","slug":"palestras-de-abril-2017","status":"publish","type":"post","link":"http:\/\/www.portaliceb.org.br\/wordpress\/?p=1065","title":{"rendered":"ICEB &#8211; LUTO"},"content":{"rendered":"<h4 style=\"margin-top: 80px; padding: 0; font-size: 3em; position: relative; bottom: 80px; \">PROFESSORA ZITA FLORA DE ALMEIDA<\/h4>\n<p>&nbsp;<\/p>\n<h4 style=\"font-size: 8em; margin: 0; padding: 0; position: relative; bottom: 100px;\"><a href=\"http:\/\/www.portaliceb.org.br\/wordpress\/wp-content\/uploads\/2017\/01\/16473465_10207946482411675_187142868164922677_n.jpg\"><img fetchpriority=\"high\" decoding=\"async\" class=\"alignnone size-full wp-image-1045\" src=\"http:\/\/www.portaliceb.org.br\/wordpress\/wp-content\/uploads\/2017\/03\/ZITA-FOTO.jpg\" alt=\"16473465_10207946482411675_187142868164922677_n\" width=\"400\" height=\"222\" \/><\/a><\/h4>\n<h4 style=\"line-height: 1.8; position: relative; bottom: 70px;\">Desencarnou no dia 20 de abril nossa querida amiga, irm\u00e3, expositora do ICEB , Zita Flora de Almeida. Especialista em educa\u00e7\u00e3o, dedicou toda a sua vida ao ensino. Professora do Estado do Rio com aquela forma\u00e7\u00e3o antiga, rigorosa, de alta qualidade do Instituto de Educa\u00e7\u00e3o, foi mestra e diretora de escola, reconhecida como de brilho invulgar.<br \/>\nNo meio esp\u00edrita dedicou-se como excelente trabalhadora do Centro Esp\u00edrita Bezerra de Menezes, por toda a sua vida, tanto no trabalho medi\u00fanico como nas palestras p\u00fablicas, que desenvolvia com clareza e profunda amorosidade. Tamb\u00e9m trouxe para o ICEB sua compet\u00eancia t\u00e9cnica, o esp\u00edrito de estudo e pesquisa, a fidelidade \u00e0 Codifica\u00e7\u00e3o.<br \/>\nCom a simplicidade e a humildade das grandes almas incorporou-se ao Lar Fabiano de Cristo, inicialmente na \u00e1rea de evangeliza\u00e7\u00e3o, ainda nos anos 70 do s\u00e9culo passado. Mais tarde passou a ser a gerente de educa\u00e7\u00e3o do Lar. Elaborou um sistema denominado atualmente de EDUCA\u00c7\u00c3O DO SER INTEGRAL, inicialmente com um foco esp\u00edrita mas que, hoje, trabalha valores que valem para todas as religi\u00f5es. A Educa\u00e7\u00e3o do Ser \u00e9 t\u00e3o excelente que, inclusive foi adotada em v\u00e1rias escolas. Foi apresentada \u00e0 UNESCO que, gra\u00e7as a isso, reconheceu o Lar Fabiano como \u00f3rg\u00e3o de educa\u00e7\u00e3o b\u00e1sica. O modelo foi, inclusive, apresentado em organiza\u00e7\u00f5es de assist\u00eancia esp\u00edrita na Col\u00f4mbia, no Paraguai e em casas esp\u00edritas da Fl\u00f3rida. Depois que se aposentou, continuou como volunt\u00e1ria no Lar onde trabalhou por mais de 40 anos. O material por ela elaborado est\u00e1 catalogado em dezenas de livros com programa\u00e7\u00e3o que envolve as crian\u00e7as, os adolescentes, os jovens, os adultos e chega aos idosos. Ultimamente trabalhava em projeto voltado para beb\u00eas.<br \/>\nViajou por todo o Brasil, treinando e capacitando educadores. Era singularmente capaz de unir a melhor t\u00e9cnica com um amor acendrado. Conhecia profundamente o seu of\u00edcio e o exercia de maneira exemplar.<br \/>\nAmava a humanidade e, de maneira especial, o nosso Brasil. Escreveu um livro excelente, associado ao meio ambiente, lembrando do querido pantanal mato-grossense: AVENTURAS DE F\u00c9RIAS, despertando a consci\u00eancia ecol\u00f3gica&#8230; com espiritualidade.<br \/>\nPara n\u00f3s do ICEB foi um privil\u00e9gio contar com t\u00e3o excelente trabalhadora. Sua mod\u00e9stia, sua humildade, seus conhecimentos, seus exemplos, seu amor, permanecer\u00e3o conosco. Certamente Deolindo Amorim, Jorge Andr\u00e9a, e os pioneiros da nossa casa, agradecidos, juntamente com Bezerra e Fabiano de Cristo, estar\u00e3o com ela . Que Jesus a aben\u00e7oe.<\/h4>\n","protected":false},"excerpt":{"rendered":"<p>PROFESSORA ZITA FLORA DE ALMEIDA &nbsp; Desencarnou no dia 20 de abril nossa querida amiga, irm\u00e3, expositora do ICEB , Zita Flora de Almeida. Especialista em educa\u00e7\u00e3o, dedicou toda a sua vida ao ensino. Professora do Estado do Rio com aquela forma\u00e7\u00e3o antiga, rigorosa, de alta qualidade do Instituto de Educa\u00e7\u00e3o, foi mestra e diretora [&hellip;]<\/p>\n","protected":false},"author":1,"featured_media":0,"comment_status":"closed","ping_status":"closed","sticky":false,"template":"","format":"standard","meta":{"footnotes":""},"categories":[1],"tags":[],"class_list":["post-1065","post","type-post","status-publish","format-standard","hentry","category-ultimas-noticias"],"_links":{"self":[{"href":"http:\/\/www.portaliceb.org.br\/wordpress\/index.php?rest_route=\/wp\/v2\/posts\/1065","targetHints":{"allow":["GET"]}}],"collection":[{"href":"http:\/\/www.portaliceb.org.br\/wordpress\/index.php?rest_route=\/wp\/v2\/posts"}],"about":[{"href":"http:\/\/www.portaliceb.org.br\/wordpress\/index.php?rest_route=\/wp\/v2\/types\/post"}],"author":[{"embeddable":true,"href":"http:\/\/www.portaliceb.org.br\/wordpress\/index.php?rest_route=\/wp\/v2\/users\/1"}],"replies":[{"embeddable":true,"href":"http:\/\/www.portaliceb.org.br\/wordpress\/index.php?rest_route=%2Fwp%2Fv2%2Fcomments&post=1065"}],"version-history":[{"count":6,"href":"http:\/\/www.portaliceb.org.br\/wordpress\/index.php?rest_route=\/wp\/v2\/posts\/1065\/revisions"}],"predecessor-version":[{"id":1083,"href":"http:\/\/www.portaliceb.org.br\/wordpress\/index.php?rest_route=\/wp\/v2\/posts\/1065\/revisions\/1083"}],"wp:attachment":[{"href":"http:\/\/www.portaliceb.org.br\/wordpress\/index.php?rest_route=%2Fwp%2Fv2%2Fmedia&parent=1065"}],"wp:term":[{"taxonomy":"category","embeddable":true,"href":"http:\/\/www.portaliceb.org.br\/wordpress\/index.php?rest_route=%2Fwp%2Fv2%2Fcategories&post=1065"},{"taxonomy":"post_tag","embeddable":true,"href":"http:\/\/www.portaliceb.org.br\/wordpress\/index.php?rest_route=%2Fwp%2Fv2%2Ftags&post=1065"}],"curies":[{"name":"wp","href":"https:\/\/api.w.org\/{rel}","templated":true}]}}