{"id":1017,"date":"2016-11-28T09:59:39","date_gmt":"2016-11-28T12:59:39","guid":{"rendered":"http:\/\/www.portaliceb.org.br\/wordpress\/?p=1017"},"modified":"2016-11-28T10:00:33","modified_gmt":"2016-11-28T13:00:33","slug":"encerramento-do-ano-letivo-dezembro-2016","status":"publish","type":"post","link":"http:\/\/www.portaliceb.org.br\/wordpress\/?p=1017","title":{"rendered":"ENCERRAMENTO DO ANO LETIVO DEZEMBRO 2016"},"content":{"rendered":"<hr \/>\n<h4><strong>Dia\u00a003<\/strong><\/h4>\n<h4><strong>A Sociedade no Alvorecer da Era do Esp\u00edrito<\/strong>\u00a0&#8211; (Mesa Redonda)<\/h4>\n<h4 style=\"line-height: 2.5;\"><strong>Marcello Nazareth<br \/>\nJorge Cerqueira<br \/>\nLuiz E Brand\u00e3o<br \/>\nAssaruhy F Moraes<br \/>\nClaudio Conti<br \/>\n<\/strong>Hor\u00e1rio 14:00 \u00e0s 17:00<\/h4>\n<hr \/>\n<h4><strong>Programa\u00e7\u00e3o do\u00a0Segundo Semestre<\/strong><\/h4>\n<h4 style=\"color: red; font-size: 14px; font-family: verdana;\"><a style=\"text-decoration: none; color: #9acd32;\" href=\"http:\/\/www.portaliceb.org.br\/wordpress\/wp-content\/uploads\/2016\/08\/Programa\u00e7\u00e3o-2016-2\u00ba-Semestre-vs1.xlsx\"><strong>Clique aqui para a baixara Programa\u00e7\u00e3o<\/strong><\/a><\/h4>\n","protected":false},"excerpt":{"rendered":"<p>Dia\u00a003 A Sociedade no Alvorecer da Era do Esp\u00edrito\u00a0&#8211; (Mesa Redonda) Marcello Nazareth Jorge Cerqueira Luiz E Brand\u00e3o Assaruhy F Moraes Claudio Conti Hor\u00e1rio 14:00 \u00e0s 17:00 Programa\u00e7\u00e3o do\u00a0Segundo Semestre Clique aqui para a baixara Programa\u00e7\u00e3o<\/p>\n","protected":false},"author":1,"featured_media":0,"comment_status":"closed","ping_status":"closed","sticky":false,"template":"","format":"standard","meta":{"footnotes":""},"categories":[1],"tags":[],"class_list":["post-1017","post","type-post","status-publish","format-standard","hentry","category-ultimas-noticias"],"_links":{"self":[{"href":"http:\/\/www.portaliceb.org.br\/wordpress\/index.php?rest_route=\/wp\/v2\/posts\/1017","targetHints":{"allow":["GET"]}}],"collection":[{"href":"http:\/\/www.portaliceb.org.br\/wordpress\/index.php?rest_route=\/wp\/v2\/posts"}],"about":[{"href":"http:\/\/www.portaliceb.org.br\/wordpress\/index.php?rest_route=\/wp\/v2\/types\/post"}],"author":[{"embeddable":true,"href":"http:\/\/www.portaliceb.org.br\/wordpress\/index.php?rest_route=\/wp\/v2\/users\/1"}],"replies":[{"embeddable":true,"href":"http:\/\/www.portaliceb.org.br\/wordpress\/index.php?rest_route=%2Fwp%2Fv2%2Fcomments&post=1017"}],"version-history":[{"count":15,"href":"http:\/\/www.portaliceb.org.br\/wordpress\/index.php?rest_route=\/wp\/v2\/posts\/1017\/revisions"}],"predecessor-version":[{"id":1033,"href":"http:\/\/www.portaliceb.org.br\/wordpress\/index.php?rest_route=\/wp\/v2\/posts\/1017\/revisions\/1033"}],"wp:attachment":[{"href":"http:\/\/www.portaliceb.org.br\/wordpress\/index.php?rest_route=%2Fwp%2Fv2%2Fmedia&parent=1017"}],"wp:term":[{"taxonomy":"category","embeddable":true,"href":"http:\/\/www.portaliceb.org.br\/wordpress\/index.php?rest_route=%2Fwp%2Fv2%2Fcategories&post=1017"},{"taxonomy":"post_tag","embeddable":true,"href":"http:\/\/www.portaliceb.org.br\/wordpress\/index.php?rest_route=%2Fwp%2Fv2%2Ftags&post=1017"}],"curies":[{"name":"wp","href":"https:\/\/api.w.org\/{rel}","templated":true}]}}