{"id":1013,"date":"2016-11-01T12:49:00","date_gmt":"2016-11-01T15:49:00","guid":{"rendered":"http:\/\/www.portaliceb.org.br\/wordpress\/?p=1013"},"modified":"2016-11-01T12:49:00","modified_gmt":"2016-11-01T15:49:00","slug":"palestras-de-novembro-2016","status":"publish","type":"post","link":"http:\/\/www.portaliceb.org.br\/wordpress\/?p=1013","title":{"rendered":"PALESTRAS DE NOVEMBRO  2016"},"content":{"rendered":"<hr \/>\n<h4><strong>Dia\u00a005<\/strong><\/h4>\n<h4><strong>Marcello Nazareth<\/strong>\u00a0&#8211; Capital Espiritual &#8211; 14:00 \u00e0s 15:15<\/h4>\n<h4><strong>Claudio Conti<\/strong> &#8211; Cura e Qu\u00e2ntica &#8211; 15:45 \u00e0s 17:00<\/h4>\n<hr \/>\n<h4><strong>Dia\u00a012<\/strong><\/h4>\n<h4><strong>Luiz Eduardo Brand\u00e3o<\/strong>\u00a0&#8211; \u201cNos Dom\u00ednios da Mediunidade\u201d\u00a0&#8211; 14:00 \u00e0s 15:15<\/h4>\n<h4><strong>Luiz Eduardo Brand\u00e3o<\/strong>\u00a0&#8211;\u00a0Doen\u00e7as sociais &#8211; em busca da cura &#8211; 15:45 \u00e0s 17:00<\/h4>\n<hr \/>\n<h4><strong>Dia\u00a015<\/strong><\/h4>\n<h4><strong>Jos\u00e9 Henrique Rubim<\/strong>\u00a0&#8211; &#8220;Pensamento de Joanna de \u00c2ngelis, Jung e Jorge Andr\u00e9a\u00a0&#8211; 14h \u00e0s\u00a015:15<\/h4>\n<h4><strong>Assaruhy F Moraes<\/strong>\u00a0&#8211; Aldeia Planet\u00e1ria &#8211; 15:15\u00a0\u00e0s 17:00<\/h4>\n<hr \/>\n<h4><strong>Dia\u00a026<\/strong><\/h4>\n<h4><strong>Luzia Mathias<\/strong> &#8211; Autodescobrimento Joanna de \u00c2ngelis &#8211; 14h \u00e0s 15h15<\/h4>\n<h4>Claudio Conti &#8211; Cura e Qu\u00e2ntica\u00a0&#8211; 15:45 \u00e0s 17:00<\/h4>\n<hr \/>\n<h4><strong>Programa\u00e7\u00e3o do\u00a0Segundo Semestre<\/strong><\/h4>\n<h4 style=\"color: red; font-size: 14px; font-family: verdana;\"><a style=\"text-decoration: none; color: #9acd32;\" href=\"http:\/\/www.portaliceb.org.br\/wordpress\/wp-content\/uploads\/2016\/08\/Programa\u00e7\u00e3o-2016-2\u00ba-Semestre-vs1.xlsx\"><strong>Clique aqui para a baixara Programa\u00e7\u00e3o<\/strong><\/a><\/h4>\n","protected":false},"excerpt":{"rendered":"<p>Dia\u00a005 Marcello Nazareth\u00a0&#8211; Capital Espiritual &#8211; 14:00 \u00e0s 15:15 Claudio Conti &#8211; Cura e Qu\u00e2ntica &#8211; 15:45 \u00e0s 17:00 Dia\u00a012 Luiz Eduardo Brand\u00e3o\u00a0&#8211; \u201cNos Dom\u00ednios da Mediunidade\u201d\u00a0&#8211; 14:00 \u00e0s 15:15 Luiz Eduardo Brand\u00e3o\u00a0&#8211;\u00a0Doen\u00e7as sociais &#8211; em busca da cura &#8211; 15:45 \u00e0s 17:00 Dia\u00a015 Jos\u00e9 Henrique Rubim\u00a0&#8211; &#8220;Pensamento de Joanna de \u00c2ngelis, Jung e Jorge [&hellip;]<\/p>\n","protected":false},"author":1,"featured_media":0,"comment_status":"closed","ping_status":"closed","sticky":false,"template":"","format":"standard","meta":{"footnotes":""},"categories":[1],"tags":[],"class_list":["post-1013","post","type-post","status-publish","format-standard","hentry","category-ultimas-noticias"],"_links":{"self":[{"href":"http:\/\/www.portaliceb.org.br\/wordpress\/index.php?rest_route=\/wp\/v2\/posts\/1013","targetHints":{"allow":["GET"]}}],"collection":[{"href":"http:\/\/www.portaliceb.org.br\/wordpress\/index.php?rest_route=\/wp\/v2\/posts"}],"about":[{"href":"http:\/\/www.portaliceb.org.br\/wordpress\/index.php?rest_route=\/wp\/v2\/types\/post"}],"author":[{"embeddable":true,"href":"http:\/\/www.portaliceb.org.br\/wordpress\/index.php?rest_route=\/wp\/v2\/users\/1"}],"replies":[{"embeddable":true,"href":"http:\/\/www.portaliceb.org.br\/wordpress\/index.php?rest_route=%2Fwp%2Fv2%2Fcomments&post=1013"}],"version-history":[{"count":1,"href":"http:\/\/www.portaliceb.org.br\/wordpress\/index.php?rest_route=\/wp\/v2\/posts\/1013\/revisions"}],"predecessor-version":[{"id":1015,"href":"http:\/\/www.portaliceb.org.br\/wordpress\/index.php?rest_route=\/wp\/v2\/posts\/1013\/revisions\/1015"}],"wp:attachment":[{"href":"http:\/\/www.portaliceb.org.br\/wordpress\/index.php?rest_route=%2Fwp%2Fv2%2Fmedia&parent=1013"}],"wp:term":[{"taxonomy":"category","embeddable":true,"href":"http:\/\/www.portaliceb.org.br\/wordpress\/index.php?rest_route=%2Fwp%2Fv2%2Fcategories&post=1013"},{"taxonomy":"post_tag","embeddable":true,"href":"http:\/\/www.portaliceb.org.br\/wordpress\/index.php?rest_route=%2Fwp%2Fv2%2Ftags&post=1013"}],"curies":[{"name":"wp","href":"https:\/\/api.w.org\/{rel}","templated":true}]}}