{"id":1003,"date":"2016-09-30T14:10:14","date_gmt":"2016-09-30T17:10:14","guid":{"rendered":"http:\/\/www.portaliceb.org.br\/wordpress\/?p=1003"},"modified":"2016-09-30T14:11:18","modified_gmt":"2016-09-30T17:11:18","slug":"palestras-de-outubro-2016","status":"publish","type":"post","link":"http:\/\/www.portaliceb.org.br\/wordpress\/?p=1003","title":{"rendered":"PALESTRAS DE OUTUBRO  2016"},"content":{"rendered":"<hr \/>\n<h4><strong>Dia\u00a001<\/strong><\/h4>\n<h4><strong>Assaruhy F. Moraes<\/strong>\u00a0&#8211; Indiv\u00edduo, Religi\u00e3o e Neurotecnologia &#8211; 14:00 \u00e0s 15:15<\/h4>\n<h4><strong>Marcello Nazareth &#8211; Revolu\u00e7\u00e3o das Neuroimagens<\/strong> &#8211; 15:45 \u00e0s 17:00<\/h4>\n<hr \/>\n<h4><strong>Dia\u00a008<\/strong><\/h4>\n<h4><strong>Luiz Eduardo Brand\u00e3o<\/strong>\u00a0&#8211; \u201cNos Dom\u00ednios da Mediunidade\u201d\u00a0&#8211; 14:00 \u00e0s 15:15<\/h4>\n<h4><strong>Luiz Eduardo Brand\u00e3o<\/strong>\u00a0&#8211;\u00a0Sociedade do lazer, da divers\u00e3o, do consumo &#8211; 15:45 \u00e0s 17:00<\/h4>\n<hr \/>\n<h4><strong>Dia\u00a015<\/strong><\/h4>\n<h4><strong>Jos\u00e9 Henrique Rubim<\/strong>\u00a0&#8211; &#8220;Pensamento de Joanna de \u00c2ngelis, Jung e Jorge Andr\u00e9a\u00a0&#8211; 14h \u00e0s\u00a015:15<\/h4>\n<h4><strong>Jorge Cerqueira<\/strong>\u00a0-Comunidade e Diversidade &#8211; 15:15\u00a0\u00e0s 17:00<\/h4>\n<hr \/>\n<h4><strong>Dia\u00a022<\/strong><\/h4>\n<h4><strong>Luzia Mathias<\/strong> &#8211; Autodescobrimento Joanna de \u00c2ngelis &#8211; 14h \u00e0s 15h15<\/h4>\n<h4>Claudio Conti \u00a0\u00a0 \u00a0&#8211; \u00a0Cura e Qu\u00e2ntica\u00a0&#8211; 15:45 \u00e0s 17:00<\/h4>\n<hr \/>\n<h4><strong>Dia\u00a029<\/strong><\/h4>\n<h4><strong>S\u00e9rgio Thiessen<\/strong> \u00a0 &#8211; Ci\u00eancia, Sa\u00fade Social e Espiritualidade\u00a0(semin\u00e1rio) &#8211; 14h \u00e0s\u00a017h<\/h4>\n<hr \/>\n<h4><strong>Programa\u00e7\u00e3o do\u00a0Segundo Semestre<\/strong><\/h4>\n<h4 style=\"color: red; font-size: 14px; font-family: verdana;\"><a style=\"text-decoration: none; color: #9acd32;\" href=\"http:\/\/www.portaliceb.org.br\/wordpress\/wp-content\/uploads\/2016\/08\/Programa\u00e7\u00e3o-2016-2\u00ba-Semestre-vs1.xlsx\"><strong>Clique aqui para a baixara Programa\u00e7\u00e3o<\/strong><\/a><\/h4>\n","protected":false},"excerpt":{"rendered":"<p>Dia\u00a001 Assaruhy F. Moraes\u00a0&#8211; Indiv\u00edduo, Religi\u00e3o e Neurotecnologia &#8211; 14:00 \u00e0s 15:15 Marcello Nazareth &#8211; Revolu\u00e7\u00e3o das Neuroimagens &#8211; 15:45 \u00e0s 17:00 Dia\u00a008 Luiz Eduardo Brand\u00e3o\u00a0&#8211; \u201cNos Dom\u00ednios da Mediunidade\u201d\u00a0&#8211; 14:00 \u00e0s 15:15 Luiz Eduardo Brand\u00e3o\u00a0&#8211;\u00a0Sociedade do lazer, da divers\u00e3o, do consumo &#8211; 15:45 \u00e0s 17:00 Dia\u00a015 Jos\u00e9 Henrique Rubim\u00a0&#8211; &#8220;Pensamento de Joanna de \u00c2ngelis, [&hellip;]<\/p>\n","protected":false},"author":1,"featured_media":0,"comment_status":"closed","ping_status":"closed","sticky":false,"template":"","format":"standard","meta":{"footnotes":""},"categories":[1],"tags":[],"class_list":["post-1003","post","type-post","status-publish","format-standard","hentry","category-ultimas-noticias"],"_links":{"self":[{"href":"http:\/\/www.portaliceb.org.br\/wordpress\/index.php?rest_route=\/wp\/v2\/posts\/1003","targetHints":{"allow":["GET"]}}],"collection":[{"href":"http:\/\/www.portaliceb.org.br\/wordpress\/index.php?rest_route=\/wp\/v2\/posts"}],"about":[{"href":"http:\/\/www.portaliceb.org.br\/wordpress\/index.php?rest_route=\/wp\/v2\/types\/post"}],"author":[{"embeddable":true,"href":"http:\/\/www.portaliceb.org.br\/wordpress\/index.php?rest_route=\/wp\/v2\/users\/1"}],"replies":[{"embeddable":true,"href":"http:\/\/www.portaliceb.org.br\/wordpress\/index.php?rest_route=%2Fwp%2Fv2%2Fcomments&post=1003"}],"version-history":[{"count":3,"href":"http:\/\/www.portaliceb.org.br\/wordpress\/index.php?rest_route=\/wp\/v2\/posts\/1003\/revisions"}],"predecessor-version":[{"id":1005,"href":"http:\/\/www.portaliceb.org.br\/wordpress\/index.php?rest_route=\/wp\/v2\/posts\/1003\/revisions\/1005"}],"wp:attachment":[{"href":"http:\/\/www.portaliceb.org.br\/wordpress\/index.php?rest_route=%2Fwp%2Fv2%2Fmedia&parent=1003"}],"wp:term":[{"taxonomy":"category","embeddable":true,"href":"http:\/\/www.portaliceb.org.br\/wordpress\/index.php?rest_route=%2Fwp%2Fv2%2Fcategories&post=1003"},{"taxonomy":"post_tag","embeddable":true,"href":"http:\/\/www.portaliceb.org.br\/wordpress\/index.php?rest_route=%2Fwp%2Fv2%2Ftags&post=1003"}],"curies":[{"name":"wp","href":"https:\/\/api.w.org\/{rel}","templated":true}]}}